{"id":22725,"date":"2014-03-14T16:06:17","date_gmt":"2014-03-14T19:06:17","guid":{"rendered":"http:\/\/vocesdebaires.com.ar\/wordpress\/index.php\/2014\/03\/14\/vidalla-discusion-salarial-con-los-chicos-en-el-aula\/"},"modified":"2014-03-14T16:06:17","modified_gmt":"2014-03-14T19:06:17","slug":"vidalla-discusion-salarial-con-los-chicos-en-el-aula","status":"publish","type":"post","link":"https:\/\/vocesdebaires.com.ar\/index.php\/2014\/03\/14\/vidalla-discusion-salarial-con-los-chicos-en-el-aula\/","title":{"rendered":"Vidal:\u00bbLa discusi\u00f3n salarial, con los chicos en el aula\u00bb"},"content":{"rendered":"<p><span style=\"line-height: 1.3em;\"> La referente de PRO, Mar\u00eda Eugenia Vidal, sostuvo hoy -al cumplirse el octavo d\u00eda de huelga en las escuelas p\u00fablicas bonaerenses- que \u00abla conciliaci\u00f3n debe ser acatada por los docentes\u00bb, quienes rechazaron la propuesta de 30,9% de aumento salarial. \u201cEs mejor seguir la discusi\u00f3n con los chicos en el aula y respetar los marcos normativos\u201d, enfatiz\u00f3.<\/span><span style=\"line-height: 1.3em;\">Vidal asegur\u00f3 que no todo pasa por las paritarias: \u00abEs cierto que la discusi\u00f3n en la provincia de Buenos Aires no es meramente salarial. La educaci\u00f3n est\u00e1 pasando una fuerte crisis que se ve en la falta de infraestructura, en escuelas con deficiencias edilicias graves, con problemas con los proveedores de los comedores, entre otras fallas\u00bb.<\/span><\/p>\n<p><span style=\"line-height: 1.3em;\">\u201cEs una l\u00e1stima que s\u00f3lo discutamos de educaci\u00f3n en la provincia en marzo para ver si las clases empiezan o no, y que no discutamos durante el a\u00f1o para ver c\u00f3mo hacemos para mejorar la calidad educativa en las escuelas bonerenses,\u201d agreg\u00f3 Vidal.<\/span><span style=\"line-height: 1.3em;\">Junto con Leandro Gin\u00f3bili y Jorge Srodek, referentes del PRO en la regi\u00f3n, Vidal realiz\u00f3 estas declaraciones despu\u00e9s de haber recorrido la ruta 3, haber visitado el hospital Penna, y haber participado de un encuentro con vecinos en el barrio Spurr.<\/span><span style=\"line-height: 1.3em;\">Al t\u00e9rmino de la reuni\u00f3n, Gin\u00f3bili manifest\u00f3: \u201cCreo en la bandera de la justicia social del peronismo, pero cuando recorro la provincia y veo los bolsones de pobreza en Almirante Brown, Esteban Echeverr\u00eda y algunas ciudades del interior, me pregunto cu\u00e1l es la justicia social de estos 25 a\u00f1os de gobierno, de qu\u00e9 inclusi\u00f3n hablamos si lo \u00fanico que recibe la gente que no tiene recursos son planes sociales\u00bb.<\/span><\/p>\n<p><span style=\"line-height: 1.3em;\">Por su parte, Vidal asegur\u00f3 que el PRO est\u00e1 \u201cen condiciones de armar un equipo que pueda gobernar la provincia de Buenos Aires. Nosotros tenemos un recorrido en la ciudad que muestra que se puede, que no est\u00e1 la esperanza perdida, que las cosas se pueden resolver\u201d, agreg\u00f3.<\/span><span style=\"line-height: 1.3em;\">\u201cHay que respetar las particularidades de cada lugar. Pero es cierto que hay una manera de hacer pol\u00edtica, la de no mentir a la gente, la de armar un equipo convocando a gente de afuera, aunque no sea la del propio partido, la de sumar gente nueva a la pol\u00edtica\u2026 Estas formas de hacer pol\u00edtica y esta forma de gobernar se pueden trasladar a la provincia y pueden hacer que las cosas cambien,\u201d concluy\u00f3.<\/span><\/p>\n","protected":false},"excerpt":{"rendered":"<p>La referente de PRO, Mar\u00eda Eugenia Vidal, sostuvo hoy -al cumplirse el octavo d\u00eda de huelga en las escuelas p\u00fablicas bonaerenses- que \u00abla conciliaci\u00f3n debe ser acatada por los docentes\u00bb, quienes rechazaron la propuesta de 30,9% de aumento salarial. \u201cEs mejor seguir la discusi\u00f3n con los chicos en el aula y respetar los marcos normativos\u201d, [&hellip;]<\/p>\n","protected":false},"author":2,"featured_media":22726,"comment_status":"open","ping_status":"open","sticky":false,"template":"","format":"standard","meta":{"_et_pb_use_builder":"","_et_pb_old_content":"","_et_gb_content_width":"","footnotes":""},"categories":[11,44],"tags":[],"class_list":["post-22725","post","type-post","status-publish","format-standard","has-post-thumbnail","hentry","category-ciudad","category-funcionarios-de-la-caba"],"_links":{"self":[{"href":"https:\/\/vocesdebaires.com.ar\/index.php\/wp-json\/wp\/v2\/posts\/22725"}],"collection":[{"href":"https:\/\/vocesdebaires.com.ar\/index.php\/wp-json\/wp\/v2\/posts"}],"about":[{"href":"https:\/\/vocesdebaires.com.ar\/index.php\/wp-json\/wp\/v2\/types\/post"}],"author":[{"embeddable":true,"href":"https:\/\/vocesdebaires.com.ar\/index.php\/wp-json\/wp\/v2\/users\/2"}],"replies":[{"embeddable":true,"href":"https:\/\/vocesdebaires.com.ar\/index.php\/wp-json\/wp\/v2\/comments?post=22725"}],"version-history":[{"count":0,"href":"https:\/\/vocesdebaires.com.ar\/index.php\/wp-json\/wp\/v2\/posts\/22725\/revisions"}],"wp:featuredmedia":[{"embeddable":true,"href":"https:\/\/vocesdebaires.com.ar\/index.php\/wp-json\/wp\/v2\/media\/22726"}],"wp:attachment":[{"href":"https:\/\/vocesdebaires.com.ar\/index.php\/wp-json\/wp\/v2\/media?parent=22725"}],"wp:term":[{"taxonomy":"category","embeddable":true,"href":"https:\/\/vocesdebaires.com.ar\/index.php\/wp-json\/wp\/v2\/categories?post=22725"},{"taxonomy":"post_tag","embeddable":true,"href":"https:\/\/vocesdebaires.com.ar\/index.php\/wp-json\/wp\/v2\/tags?post=22725"}],"curies":[{"name":"wp","href":"https:\/\/api.w.org\/{rel}","templated":true}]}}