{"id":22729,"date":"2014-03-14T16:56:22","date_gmt":"2014-03-14T19:56:22","guid":{"rendered":"http:\/\/vocesdebaires.com.ar\/wordpress\/index.php\/2014\/03\/14\/arsenaltuvo-una-y-no-perdono\/"},"modified":"2014-03-14T16:56:22","modified_gmt":"2014-03-14T19:56:22","slug":"arsenaltuvo-una-y-no-perdono","status":"publish","type":"post","link":"https:\/\/vocesdebaires.com.ar\/index.php\/2014\/03\/14\/arsenaltuvo-una-y-no-perdono\/","title":{"rendered":"Arsenal:Tuvo una y no perdon\u00f3"},"content":{"rendered":"<p><span style=\"line-height: 1.3em;\">Todo aclara para Arsenal, que en Sarand\u00ed le gan\u00f3 por 1-0 a Pe\u00f1arol y se acomod\u00f3 en el grupo 8 de la Copa Libertadores. El equipo de Gustavo Alfaro, que hab\u00eda empezado con una derrota ante Santos Laguna, lleg\u00f3 a los seis puntos, uno menos que el conjunto mexicano que manda en la zona. Sin embargo, lo m\u00e1s importante es la distancia que le sac\u00f3 a Deportivo Anzo\u00e1tegui, que acumula apenas dos y al alica\u00eddo Pe\u00f1arol, que cosech\u00f3 una unidad.<\/span><\/p>\n<p><span style=\"line-height: 1.3em;\">La llave del partido estuvo en Julio C\u00e9sar Furch, que sac\u00f3 r\u00e9dito de un error del arquero de Pe\u00f1arol Juan Castillo, que dio un rebote largo al no poder retener un despeje largu\u00edsimo de Cristian Campestrini. El ex Olimpo y San Lorenzo, con olfato goleador, puso la cabeza y pas\u00f3 por caja a cobrar. Apenas se hab\u00edan jugado cuatro minutos del primer tiempo.<\/span><\/p>\n<p><span style=\"line-height: 1.3em;\">Pe\u00f1arol, muy disminuido -termin\u00f3 con 10 por la roja a Dar\u00edo Rodr\u00edguez-, no hizo demasiado para torcer la historia, m\u00e1s all\u00e1 del grosero penal que omiti\u00f3 el \u00e1rbitro Sandro Ricci por una mano evidente de Dami\u00e1n P\u00e9rez. Arsenal, s\u00f3lido como siempre, tuvo un par para aumentar. Igual, con el 1-0 se fue feliz.<\/span><\/p>\n","protected":false},"excerpt":{"rendered":"<p>Todo aclara para Arsenal, que en Sarand\u00ed le gan\u00f3 por 1-0 a Pe\u00f1arol y se acomod\u00f3 en el grupo 8 de la Copa Libertadores. El equipo de Gustavo Alfaro, que hab\u00eda empezado con una derrota ante Santos Laguna, lleg\u00f3 a los seis puntos, uno menos que el conjunto mexicano que manda en la zona. Sin [&hellip;]<\/p>\n","protected":false},"author":2,"featured_media":22730,"comment_status":"open","ping_status":"open","sticky":false,"template":"","format":"standard","meta":{"_et_pb_use_builder":"","_et_pb_old_content":"","_et_gb_content_width":"","footnotes":""},"categories":[14,50],"tags":[],"class_list":["post-22729","post","type-post","status-publish","format-standard","has-post-thumbnail","hentry","category-deportes","category-futbol-internacional-2"],"_links":{"self":[{"href":"https:\/\/vocesdebaires.com.ar\/index.php\/wp-json\/wp\/v2\/posts\/22729"}],"collection":[{"href":"https:\/\/vocesdebaires.com.ar\/index.php\/wp-json\/wp\/v2\/posts"}],"about":[{"href":"https:\/\/vocesdebaires.com.ar\/index.php\/wp-json\/wp\/v2\/types\/post"}],"author":[{"embeddable":true,"href":"https:\/\/vocesdebaires.com.ar\/index.php\/wp-json\/wp\/v2\/users\/2"}],"replies":[{"embeddable":true,"href":"https:\/\/vocesdebaires.com.ar\/index.php\/wp-json\/wp\/v2\/comments?post=22729"}],"version-history":[{"count":0,"href":"https:\/\/vocesdebaires.com.ar\/index.php\/wp-json\/wp\/v2\/posts\/22729\/revisions"}],"wp:featuredmedia":[{"embeddable":true,"href":"https:\/\/vocesdebaires.com.ar\/index.php\/wp-json\/wp\/v2\/media\/22730"}],"wp:attachment":[{"href":"https:\/\/vocesdebaires.com.ar\/index.php\/wp-json\/wp\/v2\/media?parent=22729"}],"wp:term":[{"taxonomy":"category","embeddable":true,"href":"https:\/\/vocesdebaires.com.ar\/index.php\/wp-json\/wp\/v2\/categories?post=22729"},{"taxonomy":"post_tag","embeddable":true,"href":"https:\/\/vocesdebaires.com.ar\/index.php\/wp-json\/wp\/v2\/tags?post=22729"}],"curies":[{"name":"wp","href":"https:\/\/api.w.org\/{rel}","templated":true}]}}