{"id":22731,"date":"2014-03-14T17:09:23","date_gmt":"2014-03-14T20:09:23","guid":{"rendered":"http:\/\/vocesdebaires.com.ar\/wordpress\/index.php\/2014\/03\/14\/maidana-palpito-el-choque-con-mayweather\/"},"modified":"2014-03-14T17:09:23","modified_gmt":"2014-03-14T20:09:23","slug":"maidana-palpito-el-choque-con-mayweather","status":"publish","type":"post","link":"https:\/\/vocesdebaires.com.ar\/index.php\/2014\/03\/14\/maidana-palpito-el-choque-con-mayweather\/","title":{"rendered":"Maidana palpit\u00f3 el choque con Mayweather"},"content":{"rendered":"<p><span style=\"line-height: 1.3em;\">Con el tema \u201cBomb\u00f3n asesino\u201d sonando bien fuerte de fondo, Marcos Maidana apareci\u00f3 en uno de los salones del Hotel Panamericano y se mostr\u00f3 alegre antes de viajar a California (el lunes), donde comenzar\u00e1 su preparaci\u00f3n para la pelea m\u00e1s importante de su vida. El Chino, campe\u00f3n welter de la Asociaci\u00f3n Mundial de Boxeo (AMB), se medir\u00e1 el s\u00e1bado 3 de mayo en el MGM Arena Grand de Las Vegas con el norteamericano Floyd Mayweather, el rey del invicto y due\u00f1o del cintur\u00f3n de esa categor\u00eda del Consejo Mundial de Boxeo (CMB). El combate que unificar\u00e1 ambos t\u00edtulos ser\u00e1, sin lugar a dudas, una velada imperdible.<\/span><\/p>\n<p><span style=\"line-height: 1.3em;\">\u201cHace un mes que me vengo preparando. Me siento muy bien y estoy mejor que para la pelea con Broner\u201d, coment\u00f3 Maidana, quien recientemente fue pap\u00e1 de Emilia. Durante la conferencia de prensa en la que fue nombrado por el ministro de Turismo de la Naci\u00f3n, Enrique Meyer, como nuevo embajador de la Marca Pa\u00eds, el santafesino anticip\u00f3 cu\u00e1l ser\u00e1 su estrategia en el ring: \u201cVoy a hacer mi pelea, ir para adelante y tirar golpes. A Mayweather hay que pelarle con todo, medio sucio, como pelea \u00e9l\u201d. Aunque el Chino le puso pimienta a la pelea, tambi\u00e9n reconoci\u00f3 a su pr\u00f3ximo rival: \u201cLo respeto mucho. Le busco errores, pero casi no tiene, es muy bueno\u201d.<\/span><span style=\"line-height: 1.3em;\">Con declaraciones medidas, pero optimistas, Maidana cerr\u00f3: \u201cVoy a dejar todo para ganar. La bolsa claro que me importa, pero voy a buscar el cintur\u00f3n\u201d.<\/span><\/p>\n","protected":false},"excerpt":{"rendered":"<p>Con el tema \u201cBomb\u00f3n asesino\u201d sonando bien fuerte de fondo, Marcos Maidana apareci\u00f3 en uno de los salones del Hotel Panamericano y se mostr\u00f3 alegre antes de viajar a California (el lunes), donde comenzar\u00e1 su preparaci\u00f3n para la pelea m\u00e1s importante de su vida. El Chino, campe\u00f3n welter de la Asociaci\u00f3n Mundial de Boxeo (AMB), [&hellip;]<\/p>\n","protected":false},"author":2,"featured_media":22732,"comment_status":"open","ping_status":"open","sticky":false,"template":"","format":"standard","meta":{"_et_pb_use_builder":"","_et_pb_old_content":"","_et_gb_content_width":"","footnotes":""},"categories":[14,46],"tags":[],"class_list":["post-22731","post","type-post","status-publish","format-standard","has-post-thumbnail","hentry","category-deportes","category-polideportiva"],"_links":{"self":[{"href":"https:\/\/vocesdebaires.com.ar\/index.php\/wp-json\/wp\/v2\/posts\/22731"}],"collection":[{"href":"https:\/\/vocesdebaires.com.ar\/index.php\/wp-json\/wp\/v2\/posts"}],"about":[{"href":"https:\/\/vocesdebaires.com.ar\/index.php\/wp-json\/wp\/v2\/types\/post"}],"author":[{"embeddable":true,"href":"https:\/\/vocesdebaires.com.ar\/index.php\/wp-json\/wp\/v2\/users\/2"}],"replies":[{"embeddable":true,"href":"https:\/\/vocesdebaires.com.ar\/index.php\/wp-json\/wp\/v2\/comments?post=22731"}],"version-history":[{"count":0,"href":"https:\/\/vocesdebaires.com.ar\/index.php\/wp-json\/wp\/v2\/posts\/22731\/revisions"}],"wp:featuredmedia":[{"embeddable":true,"href":"https:\/\/vocesdebaires.com.ar\/index.php\/wp-json\/wp\/v2\/media\/22732"}],"wp:attachment":[{"href":"https:\/\/vocesdebaires.com.ar\/index.php\/wp-json\/wp\/v2\/media?parent=22731"}],"wp:term":[{"taxonomy":"category","embeddable":true,"href":"https:\/\/vocesdebaires.com.ar\/index.php\/wp-json\/wp\/v2\/categories?post=22731"},{"taxonomy":"post_tag","embeddable":true,"href":"https:\/\/vocesdebaires.com.ar\/index.php\/wp-json\/wp\/v2\/tags?post=22731"}],"curies":[{"name":"wp","href":"https:\/\/api.w.org\/{rel}","templated":true}]}}