{"id":22733,"date":"2014-03-17T21:08:04","date_gmt":"2014-03-18T00:08:04","guid":{"rendered":"http:\/\/vocesdebaires.com.ar\/wordpress\/index.php\/2014\/03\/17\/maria-eugenia-vidal-en-ayacucho\/"},"modified":"2014-03-17T21:08:04","modified_gmt":"2014-03-18T00:08:04","slug":"maria-eugenia-vidal-en-ayacucho","status":"publish","type":"post","link":"https:\/\/vocesdebaires.com.ar\/index.php\/2014\/03\/17\/maria-eugenia-vidal-en-ayacucho\/","title":{"rendered":"Mar\u00eda Eugenia Vidal ,en Ayacucho"},"content":{"rendered":"<p><span style=\"line-height: 1.3em;\">La referente de PRO Mar\u00eda Eugenia Vidal, sostuvo \u00a0que la inseguridad \u00abes una consecuencia de la improvisaci\u00f3n y de la falta de una pol\u00edtica integral\u00bb y se mostr\u00f3 optimista con el trabajo de su partido en el distrito: \u00abTenemos una gran oportunidad, nos debemos una transformaci\u00f3n, un cambio en serio. Si no cambia la Provincia, no cambia la Argentina\u00bb, sentenci\u00f3.<\/span><\/p>\n<p><span style=\"line-height: 1.3em;\">Vidal estuvo acompa\u00f1ada por el referente local Diego P\u00e9rez. Particip\u00f3 de la tradicional Fiesta del Ternero y la Yerra y se reuni\u00f3 con dirigentes de la quinta secci\u00f3n electoral bonaerense. \u00abEstoy caminando la Provincia, escuchando a la gente. Las candidaturas se definir\u00e1n en 2015. Este a\u00f1o tenemos que formar los mejores equipos para que nuestros concejales sean intendentes y poder ofrecer una alternativa mejor en la provincia de Buenos Aires\u00bb, declar\u00f3.<\/span><\/p>\n<p><span style=\"line-height: 1.3em;\">Consultada sobre sus recorridas por el territorio bonaerense, Vidal respondi\u00f3 que \u00abel PRO est\u00e1 creciendo en la Provincia. Mauricio Macri representa el cambio, y la posibilidad de la presidencia se consolida. El desaf\u00edo es demostrar que somos lo diferente\u00bb.<\/span><span style=\"line-height: 1.3em;\">\u00abNo tenemos que resignarnos, podemos estar mejor en la Provincia. El campo tiene que ser la locomotora que nos lleve al desarrollo. Y para eso hay que dejarlo trabajar tranquilo. Hay que darle las herramientas para que pueda crecer, volver a apostar al trabajo. Eso es lo que va a sacar a la Provincia adelante\u00bb, concluy\u00f3.<\/span><\/p>\n","protected":false},"excerpt":{"rendered":"<p>La referente de PRO Mar\u00eda Eugenia Vidal, sostuvo \u00a0que la inseguridad \u00abes una consecuencia de la improvisaci\u00f3n y de la falta de una pol\u00edtica integral\u00bb y se mostr\u00f3 optimista con el trabajo de su partido en el distrito: \u00abTenemos una gran oportunidad, nos debemos una transformaci\u00f3n, un cambio en serio. Si no cambia la Provincia, [&hellip;]<\/p>\n","protected":false},"author":2,"featured_media":22734,"comment_status":"open","ping_status":"open","sticky":false,"template":"","format":"standard","meta":{"_et_pb_use_builder":"","_et_pb_old_content":"","_et_gb_content_width":"","footnotes":""},"categories":[11,44],"tags":[],"class_list":["post-22733","post","type-post","status-publish","format-standard","has-post-thumbnail","hentry","category-ciudad","category-funcionarios-de-la-caba"],"_links":{"self":[{"href":"https:\/\/vocesdebaires.com.ar\/index.php\/wp-json\/wp\/v2\/posts\/22733"}],"collection":[{"href":"https:\/\/vocesdebaires.com.ar\/index.php\/wp-json\/wp\/v2\/posts"}],"about":[{"href":"https:\/\/vocesdebaires.com.ar\/index.php\/wp-json\/wp\/v2\/types\/post"}],"author":[{"embeddable":true,"href":"https:\/\/vocesdebaires.com.ar\/index.php\/wp-json\/wp\/v2\/users\/2"}],"replies":[{"embeddable":true,"href":"https:\/\/vocesdebaires.com.ar\/index.php\/wp-json\/wp\/v2\/comments?post=22733"}],"version-history":[{"count":0,"href":"https:\/\/vocesdebaires.com.ar\/index.php\/wp-json\/wp\/v2\/posts\/22733\/revisions"}],"wp:featuredmedia":[{"embeddable":true,"href":"https:\/\/vocesdebaires.com.ar\/index.php\/wp-json\/wp\/v2\/media\/22734"}],"wp:attachment":[{"href":"https:\/\/vocesdebaires.com.ar\/index.php\/wp-json\/wp\/v2\/media?parent=22733"}],"wp:term":[{"taxonomy":"category","embeddable":true,"href":"https:\/\/vocesdebaires.com.ar\/index.php\/wp-json\/wp\/v2\/categories?post=22733"},{"taxonomy":"post_tag","embeddable":true,"href":"https:\/\/vocesdebaires.com.ar\/index.php\/wp-json\/wp\/v2\/tags?post=22733"}],"curies":[{"name":"wp","href":"https:\/\/api.w.org\/{rel}","templated":true}]}}