{"id":22737,"date":"2014-03-17T21:56:51","date_gmt":"2014-03-18T00:56:51","guid":{"rendered":"http:\/\/vocesdebaires.com.ar\/wordpress\/index.php\/2014\/03\/17\/monumento-a-peron-se-abrio-el-concurso-publico\/"},"modified":"2014-03-17T21:56:51","modified_gmt":"2014-03-18T00:56:51","slug":"monumento-a-peron-se-abrio-el-concurso-publico","status":"publish","type":"post","link":"https:\/\/vocesdebaires.com.ar\/index.php\/2014\/03\/17\/monumento-a-peron-se-abrio-el-concurso-publico\/","title":{"rendered":"Monumento a Per\u00f3n: Se abri\u00f3 el concurso p\u00fablico"},"content":{"rendered":"<p><span style=\"line-height: 1.3em;\">Esta tarde en el sal\u00f3n Eva Per\u00f3n del Palacio Legislativo porte\u00f1o, se llev\u00f3 a cabo el acto de apertura del Concurso P\u00fablico de Antecedentes y Proyectos para erigir un Monumento a la Memoria del Teniente General Juan Domingo Per\u00f3n. La ceremonia estuvo encabezada por los ex presidentes de la Naci\u00f3n Eduardo Cama\u00f1o y Ram\u00f3n Puerta, junto al Vicepresidente I de la Legislatura porte\u00f1a, diputado Cristian Ritondo (PRO) y al Vicepresidente II, Juan Carlos Dante Gullo (FpV) .<\/span><\/p>\n<p>Ritondo abri\u00f3 el evento y asegur\u00f3 que \u00abeste a\u00f1o la ciudad va a tener el monumento que el General merece. El sue\u00f1o de los militantes estar\u00e1 iniciado para el 1 de julio pr\u00f3ximo cuando se cumplan 40 a\u00f1os de su fallecimiento\u00bb. Adem\u00e1s, el diputado expres\u00f3 que fueron convocados para el acto de hoy cuatro ex presidentes peronistas, Ram\u00f3n Puerta y Eduardo Cama\u00f1o\u00bb, a los que agradeci\u00f3 su asistencia y \u00abEduardo Duhalde y Adolfo Rodr\u00edguez Saa, que por problemas personales no pudieron asistir\u00bb.<\/p>\n<p>El legislador subray\u00f3 la actuaci\u00f3n de todos ellos por haber asumido el poder en momentos tan dif\u00edciles como el final del a\u00f1o 2001. Respecto del monumento relat\u00f3 que la iniciativa surgi\u00f3 al considerar \u00abincre\u00edble que la ciudad de Buenos Aires no tenga un monumento a Per\u00f3n, a casi 40 a\u00f1os de su muerte\u00bb. Por eso, afirm\u00f3 que impuls\u00f3 la idea de que \u00abla Legislatura lleve adelante este concurso y sea responsable de concretar la obra\u00bb tantas veces postergada. \u00abEl jurado estar\u00e1 integrado por dos ex presidentes peronistas, por su compromiso y militancia y dos representantes gremiales\u00bb, continu\u00f3 Ritondo. \u00abEn 2005 hubo otro proyecto de ley en el orden nacional, de un monumento que iba a ser ubicado en la calle J.D. Per\u00f3n, pero \u00e9ste hoy ya no se podr\u00eda cumplir\u00bb, concluy\u00f3.<\/p>\n<p>El emplazamiento del monumento a la memoria del tres veces Presidente constitucional de la Argentina, se realizar\u00e1 en la plaza Agust\u00edn P. Justo ubicada entre las avenidas Paseo Col\u00f3n y Belgrano y las calles Azopardo y Moreno. Fue promovido a trav\u00e9s de un proyecto de ley de auotr\u00eda de Ritondo, Gullo y el diputado Roberto Quattromano (PRO), aprobada en primera lectura a fines de 2013, que deber\u00e1 ser debatido en Audiencia P\u00fablica, para luego ser considerado en sesi\u00f3n para su sanci\u00f3n definitiva.<\/p>\n<p>De acuerdo con una resoluci\u00f3n de la Legislatura, Ritondo es el responsable de llamar a concurso p\u00fablico de antecedentes y proyectos para erigir el Monumento, cuyo primer premio consiste en la adquisici\u00f3n del monumento. Ser\u00e1n entregadas adem\u00e1s, cuatro menciones y todos estos premios recibir\u00e1n un diploma. La inscripci\u00f3n al concurso es libre y gratuita.<span style=\"line-height: 1.3em;\">Las propuestas ser\u00e1n recibidas por la Direcci\u00f3n de Cultura de la Legislatura porte\u00f1a, sita en Per\u00fa 160, Buenos Aires, en d\u00edas h\u00e1biles de 11:00 a 18:00 entre el 17 de marzo y el 17 de abril pr\u00f3ximos. Estuvieron presentes tambi\u00e9n los legisladores Roberto Quattromano, Jorge Garayalde, Agust\u00edn Forchieri, Jose Luis Acevedo, L\u00eda Rueda, Gabriela Seijo (PRO) y Virginia Gonz\u00e1lez Gass (PSA &#8211; UNEN).<\/span><\/p>\n","protected":false},"excerpt":{"rendered":"<p>Esta tarde en el sal\u00f3n Eva Per\u00f3n del Palacio Legislativo porte\u00f1o, se llev\u00f3 a cabo el acto de apertura del Concurso P\u00fablico de Antecedentes y Proyectos para erigir un Monumento a la Memoria del Teniente General Juan Domingo Per\u00f3n. La ceremonia estuvo encabezada por los ex presidentes de la Naci\u00f3n Eduardo Cama\u00f1o y Ram\u00f3n Puerta, [&hellip;]<\/p>\n","protected":false},"author":2,"featured_media":22738,"comment_status":"open","ping_status":"open","sticky":false,"template":"","format":"standard","meta":{"_et_pb_use_builder":"","_et_pb_old_content":"","_et_gb_content_width":"","footnotes":""},"categories":[11,44],"tags":[],"class_list":["post-22737","post","type-post","status-publish","format-standard","has-post-thumbnail","hentry","category-ciudad","category-funcionarios-de-la-caba"],"_links":{"self":[{"href":"https:\/\/vocesdebaires.com.ar\/index.php\/wp-json\/wp\/v2\/posts\/22737"}],"collection":[{"href":"https:\/\/vocesdebaires.com.ar\/index.php\/wp-json\/wp\/v2\/posts"}],"about":[{"href":"https:\/\/vocesdebaires.com.ar\/index.php\/wp-json\/wp\/v2\/types\/post"}],"author":[{"embeddable":true,"href":"https:\/\/vocesdebaires.com.ar\/index.php\/wp-json\/wp\/v2\/users\/2"}],"replies":[{"embeddable":true,"href":"https:\/\/vocesdebaires.com.ar\/index.php\/wp-json\/wp\/v2\/comments?post=22737"}],"version-history":[{"count":0,"href":"https:\/\/vocesdebaires.com.ar\/index.php\/wp-json\/wp\/v2\/posts\/22737\/revisions"}],"wp:featuredmedia":[{"embeddable":true,"href":"https:\/\/vocesdebaires.com.ar\/index.php\/wp-json\/wp\/v2\/media\/22738"}],"wp:attachment":[{"href":"https:\/\/vocesdebaires.com.ar\/index.php\/wp-json\/wp\/v2\/media?parent=22737"}],"wp:term":[{"taxonomy":"category","embeddable":true,"href":"https:\/\/vocesdebaires.com.ar\/index.php\/wp-json\/wp\/v2\/categories?post=22737"},{"taxonomy":"post_tag","embeddable":true,"href":"https:\/\/vocesdebaires.com.ar\/index.php\/wp-json\/wp\/v2\/tags?post=22737"}],"curies":[{"name":"wp","href":"https:\/\/api.w.org\/{rel}","templated":true}]}}