{"id":22744,"date":"2014-03-18T13:33:13","date_gmt":"2014-03-18T16:33:13","guid":{"rendered":"http:\/\/vocesdebaires.com.ar\/wordpress\/index.php\/2014\/03\/18\/distincionmariquita-gallegos-personalidad-destacada\/"},"modified":"2014-03-18T13:33:13","modified_gmt":"2014-03-18T16:33:13","slug":"distincionmariquita-gallegos-personalidad-destacada","status":"publish","type":"post","link":"https:\/\/vocesdebaires.com.ar\/index.php\/2014\/03\/18\/distincionmariquita-gallegos-personalidad-destacada\/","title":{"rendered":"Distinci\u00f3n:Mariquita Gallegos, Personalidad Destacada"},"content":{"rendered":"<p><span style=\"line-height: 1.3em;\">Se realiz\u00f3 ayer en el Sal\u00f3n San Mart\u00edn de la Legislatura el acto en el que fue distinguida Mar\u00eda Ang\u00e9lica Gallegos como Personalidad Destacada de la cultura de la cuidad. La ley 4776, de autor\u00eda del diputado Jorge Selser (MC), fue aprobada por el Cuerpo parlamentario el 21 de noviembre de 2013. \u00abEs un honor para mi participar en este homenaje a una persona tan buena y popular como Mariquita\u00bb, expres\u00f3 la organizadora del evento, la diputada Gonz\u00e1lez Gass.<\/span><\/p>\n<p>La homenajeada, quien actualmente protagoniza la obra \u00abMariquita como yo..no hay dos\u00bb en el teatro Bambalinas de la calle Corrientes, agradeci\u00f3 a la Legislatura por la distinci\u00f3n: \u00abEstoy muy emocionada. Estos mimos son muy dif\u00edciles de conseguir. Muchas veces uno se va de este mundo sin recibir un reconocimiento, y en esta carrera reci\u00e9n empiezo, todav\u00eda no he hecho lo mejor, trabajo para eso\u00bb.<span style=\"line-height: 1.3em;\">Acompa\u00f1aron a la actriz sus familiares y amigos, muchos de los cuales han tenido la posibilidad de compartir escenario junto a ella.<\/span><\/p>\n<p>Datos de la homenajeada<\/p>\n<p>Fan\u00e1tica de la m\u00fasica, estudi\u00f3 desde los 5 a\u00f1os en el Conservatorio Nacional de Buenos Aires, obteniendo a los 12 a\u00f1os de edad, su titulo de profesora. Continu\u00f3 su perfeccionamiento en el Conservatorio de La Prensa, donde estudi\u00f3 armon\u00eda, composici\u00f3n, instrumentaci\u00f3n, arte esc\u00e9nico, canto y otros instrumentos musicales, como guitarra y bater\u00eda.<\/p>\n<p><span style=\"line-height: 1.3em;\">Debuta por primera vez en un escenario de comedias con la obra \u00abAprobado en Castidad\u00bb, junto a Pepita Serrador y Chicho Ib\u00e1\u00f1ez Serrador. A partir de ese gran \u00e9xito en la calle Corrientes, es convocada para otras temporadas teatrales, que le permiten abordar otros g\u00e9neros, como la comedia musical: \u00abBoy Friend\u00bb (Teatro Coliseo), \u00abLa Sexta Esposa\u00bb (Teatro Astral) o \u00abSweet Charity\u00bb (Teatro Lola Membr\u00eddez) y desde la comedia dram\u00e1tica \u00abRepresentado a Karin\u00bb (Teatro Liceo) hasta los grandes espect\u00e1culos populares: \u00abLuces de Buenos Aires\u00bb (Teatro Presidente Alvear), junto a Mariano Mores y Hugo del Carril y la Revista en los Teatros Astros, Maip\u00fa y Nacional.<\/span><\/p>\n<p>Muy reconocidas, tambi\u00e9n, son sus participaciones en ciclos de comedias y shows musicales de la Televisi\u00f3n Argentina: \u00abCasino\u00bb, \u00abEl Show de Pringue\u00bb, \u00abSabados Musicales\u00bb (Canal 13), \u00abFestival\u00bb, \u00abMusical\u00edsimo\u00bb, \u00abEl Especial\u00bb, \u00abAlta Comedia\u00bb, \u00abTeatro como en el Teatro\u00bb, \u00abTeatro de Humor\u00bb (Canal 9), \u00abEnsue\u00f1o Cuatro\u00bb (con Rodolfo Beb\u00e1n), \u00abMedianoche Show\u00bb (ATC), \u00abLa vida es una comedia\u00bb, \u00abEl Bot\u00f3n\u00bb, \u00abOperaci\u00f3n Ja Ja\u00bb, \u00abEl Chupete\u00bb (Canal 11).<\/p>\n<p>Foto : \u00a0Mariquita Gallegos recibi\u00f3 el diploma de Personalidad Destacada de la cultura. A su lado, la diputada Virginia Gonz\u00e1lez Gass (derecha)<\/p>\n","protected":false},"excerpt":{"rendered":"<p>Se realiz\u00f3 ayer en el Sal\u00f3n San Mart\u00edn de la Legislatura el acto en el que fue distinguida Mar\u00eda Ang\u00e9lica Gallegos como Personalidad Destacada de la cultura de la cuidad. La ley 4776, de autor\u00eda del diputado Jorge Selser (MC), fue aprobada por el Cuerpo parlamentario el 21 de noviembre de 2013. \u00abEs un honor [&hellip;]<\/p>\n","protected":false},"author":2,"featured_media":22745,"comment_status":"open","ping_status":"open","sticky":false,"template":"","format":"standard","meta":{"_et_pb_use_builder":"","_et_pb_old_content":"","_et_gb_content_width":"","footnotes":""},"categories":[11,44],"tags":[],"class_list":["post-22744","post","type-post","status-publish","format-standard","has-post-thumbnail","hentry","category-ciudad","category-funcionarios-de-la-caba"],"_links":{"self":[{"href":"https:\/\/vocesdebaires.com.ar\/index.php\/wp-json\/wp\/v2\/posts\/22744"}],"collection":[{"href":"https:\/\/vocesdebaires.com.ar\/index.php\/wp-json\/wp\/v2\/posts"}],"about":[{"href":"https:\/\/vocesdebaires.com.ar\/index.php\/wp-json\/wp\/v2\/types\/post"}],"author":[{"embeddable":true,"href":"https:\/\/vocesdebaires.com.ar\/index.php\/wp-json\/wp\/v2\/users\/2"}],"replies":[{"embeddable":true,"href":"https:\/\/vocesdebaires.com.ar\/index.php\/wp-json\/wp\/v2\/comments?post=22744"}],"version-history":[{"count":0,"href":"https:\/\/vocesdebaires.com.ar\/index.php\/wp-json\/wp\/v2\/posts\/22744\/revisions"}],"wp:featuredmedia":[{"embeddable":true,"href":"https:\/\/vocesdebaires.com.ar\/index.php\/wp-json\/wp\/v2\/media\/22745"}],"wp:attachment":[{"href":"https:\/\/vocesdebaires.com.ar\/index.php\/wp-json\/wp\/v2\/media?parent=22744"}],"wp:term":[{"taxonomy":"category","embeddable":true,"href":"https:\/\/vocesdebaires.com.ar\/index.php\/wp-json\/wp\/v2\/categories?post=22744"},{"taxonomy":"post_tag","embeddable":true,"href":"https:\/\/vocesdebaires.com.ar\/index.php\/wp-json\/wp\/v2\/tags?post=22744"}],"curies":[{"name":"wp","href":"https:\/\/api.w.org\/{rel}","templated":true}]}}