{"id":22782,"date":"2014-03-21T13:01:43","date_gmt":"2014-03-21T16:01:43","guid":{"rendered":"http:\/\/vocesdebaires.com.ar\/wordpress\/index.php\/2014\/03\/21\/la-legislatura-sesiono\/"},"modified":"2014-03-21T13:01:43","modified_gmt":"2014-03-21T16:01:43","slug":"la-legislatura-sesiono","status":"publish","type":"post","link":"https:\/\/vocesdebaires.com.ar\/index.php\/2014\/03\/21\/la-legislatura-sesiono\/","title":{"rendered":"La Legislatura sesion\u00f3"},"content":{"rendered":"<p><span style=\"line-height: 1.3em;\">Declararon Sitio Hist\u00f3rico al Comit\u00e9 Capital de la UCR<\/span><\/p>\n<p><span style=\"line-height: 1.3em;\">Los diputados porte\u00f1os aprobaron en primera lectura una ley para declarar sitio hist\u00f3rico de la Ciudad el inmueble del Comit\u00e9 de la Capital de la Uni\u00f3n C\u00edvica Radical, sito en Tucum\u00e1n 1660, Secci\u00f3n 05, Manzana 014, Parcela 009. La iniciativa, que es de los diputados Hern\u00e1n Rossi y Juan Nosiglia (SUMA +), deber\u00e1 ser tratada en Audiencia P\u00fablica y luego considerada nuevamente en sesi\u00f3n para su sanci\u00f3n definitiva. La normativa vigente en esta tem\u00e1tica (ley 1227) establece que edificios que poseen especial valor por su importancia hist\u00f3rica, arqueol\u00f3gica, art\u00edstica o cient\u00edfica, que forman parte del patrimonio hist\u00f3rico de la Ciudad.<\/span><\/p>\n<p><span style=\"line-height: 1.3em;\">Placas a empleados municipales detenidos &#8211; desaparecidos<\/span><\/p>\n<p><span style=\"line-height: 1.3em;\">Fue aprobada una declaraci\u00f3n a trav\u00e9s de la cual la Legislatura ve con agrado que el Poder Ejecutivo, instale placas recordatorias de los trabajadores municipales detenidos &#8211; desaparecidos durante la \u00faltima dictadura militar, que ser\u00e1n ubicadas en las dependencias en las que cumplieron funciones. De no ser posible se dispondr\u00e1 su colocaci\u00f3n en el Palacio de Gobierno Municipal. El proyecto fue presentado por el diputado Hern\u00e1n Rossi (SUMA +). La Comisi\u00f3n Memoria -Trabajadores de la Ciudad de Buenos Aires V\u00edctimas del Terrorismo de Estado, recab\u00f3 informaci\u00f3n acerca de 56 historias de vida de trabajadores municipales detenidos &#8211; desaparecidos, las cuales fueron publicadas en el libro \u00abNosotros, los municipales\u00bb.<\/span><\/p>\n","protected":false},"excerpt":{"rendered":"<p>Declararon Sitio Hist\u00f3rico al Comit\u00e9 Capital de la UCR Los diputados porte\u00f1os aprobaron en primera lectura una ley para declarar sitio hist\u00f3rico de la Ciudad el inmueble del Comit\u00e9 de la Capital de la Uni\u00f3n C\u00edvica Radical, sito en Tucum\u00e1n 1660, Secci\u00f3n 05, Manzana 014, Parcela 009. La iniciativa, que es de los diputados Hern\u00e1n [&hellip;]<\/p>\n","protected":false},"author":2,"featured_media":22563,"comment_status":"open","ping_status":"open","sticky":false,"template":"","format":"standard","meta":{"_et_pb_use_builder":"","_et_pb_old_content":"","_et_gb_content_width":"","footnotes":""},"categories":[11,44],"tags":[],"class_list":["post-22782","post","type-post","status-publish","format-standard","has-post-thumbnail","hentry","category-ciudad","category-funcionarios-de-la-caba"],"_links":{"self":[{"href":"https:\/\/vocesdebaires.com.ar\/index.php\/wp-json\/wp\/v2\/posts\/22782"}],"collection":[{"href":"https:\/\/vocesdebaires.com.ar\/index.php\/wp-json\/wp\/v2\/posts"}],"about":[{"href":"https:\/\/vocesdebaires.com.ar\/index.php\/wp-json\/wp\/v2\/types\/post"}],"author":[{"embeddable":true,"href":"https:\/\/vocesdebaires.com.ar\/index.php\/wp-json\/wp\/v2\/users\/2"}],"replies":[{"embeddable":true,"href":"https:\/\/vocesdebaires.com.ar\/index.php\/wp-json\/wp\/v2\/comments?post=22782"}],"version-history":[{"count":0,"href":"https:\/\/vocesdebaires.com.ar\/index.php\/wp-json\/wp\/v2\/posts\/22782\/revisions"}],"wp:featuredmedia":[{"embeddable":true,"href":"https:\/\/vocesdebaires.com.ar\/index.php\/wp-json\/wp\/v2\/media\/22563"}],"wp:attachment":[{"href":"https:\/\/vocesdebaires.com.ar\/index.php\/wp-json\/wp\/v2\/media?parent=22782"}],"wp:term":[{"taxonomy":"category","embeddable":true,"href":"https:\/\/vocesdebaires.com.ar\/index.php\/wp-json\/wp\/v2\/categories?post=22782"},{"taxonomy":"post_tag","embeddable":true,"href":"https:\/\/vocesdebaires.com.ar\/index.php\/wp-json\/wp\/v2\/tags?post=22782"}],"curies":[{"name":"wp","href":"https:\/\/api.w.org\/{rel}","templated":true}]}}