{"id":22797,"date":"2014-03-21T19:28:01","date_gmt":"2014-03-21T22:28:01","guid":{"rendered":"http:\/\/vocesdebaires.com.ar\/wordpress\/index.php\/2014\/03\/21\/en-la-legislatura-conferencia-de-prensa-por-lugano\/"},"modified":"2014-03-21T19:28:01","modified_gmt":"2014-03-21T22:28:01","slug":"en-la-legislatura-conferencia-de-prensa-por-lugano","status":"publish","type":"post","link":"https:\/\/vocesdebaires.com.ar\/index.php\/2014\/03\/21\/en-la-legislatura-conferencia-de-prensa-por-lugano\/","title":{"rendered":"En la Legislatura, conferencia de prensa por Lugano"},"content":{"rendered":"<p><span style=\"line-height: 1.3em;\">En el mediod\u00eda de hoy, en el Sal\u00f3n Per\u00f3n de la Legislatura, diputados de toda la oposici\u00f3n porte\u00f1a brindaron una conferencia de prensa sobre la toma de tierras en Lugano. Reiteraron el pedido de que se abra una mesa de di\u00e1logo entre las partes y leyeron un comunicado que adjuntamos.<\/span><\/p>\n<p>El diputado Alejandro Bodart (MST), uno de los convocantes, expres\u00f3: \u201cEl de Lugano es un ejemplo extremo del problema m\u00e1s general de la vivienda en la Ciudad. El d\u00e9ficit habitacional no afecta s\u00f3lo al medio mill\u00f3n que vive en condiciones inhumanas en villas, hoteles y pensiones. El resto de los trabajadores y la clase media tambi\u00e9n ven cada vez m\u00e1s lejana la posibilidad de acceder a una vivienda propia. En vez de represi\u00f3n, hace falta encarar la soluci\u00f3n de este problema acuciante.\u201d<\/p>\n","protected":false},"excerpt":{"rendered":"<p>En el mediod\u00eda de hoy, en el Sal\u00f3n Per\u00f3n de la Legislatura, diputados de toda la oposici\u00f3n porte\u00f1a brindaron una conferencia de prensa sobre la toma de tierras en Lugano. Reiteraron el pedido de que se abra una mesa de di\u00e1logo entre las partes y leyeron un comunicado que adjuntamos. El diputado Alejandro Bodart (MST), [&hellip;]<\/p>\n","protected":false},"author":2,"featured_media":15727,"comment_status":"open","ping_status":"open","sticky":false,"template":"","format":"standard","meta":{"_et_pb_use_builder":"","_et_pb_old_content":"","_et_gb_content_width":"","footnotes":""},"categories":[11,44],"tags":[],"class_list":["post-22797","post","type-post","status-publish","format-standard","has-post-thumbnail","hentry","category-ciudad","category-funcionarios-de-la-caba"],"_links":{"self":[{"href":"https:\/\/vocesdebaires.com.ar\/index.php\/wp-json\/wp\/v2\/posts\/22797"}],"collection":[{"href":"https:\/\/vocesdebaires.com.ar\/index.php\/wp-json\/wp\/v2\/posts"}],"about":[{"href":"https:\/\/vocesdebaires.com.ar\/index.php\/wp-json\/wp\/v2\/types\/post"}],"author":[{"embeddable":true,"href":"https:\/\/vocesdebaires.com.ar\/index.php\/wp-json\/wp\/v2\/users\/2"}],"replies":[{"embeddable":true,"href":"https:\/\/vocesdebaires.com.ar\/index.php\/wp-json\/wp\/v2\/comments?post=22797"}],"version-history":[{"count":0,"href":"https:\/\/vocesdebaires.com.ar\/index.php\/wp-json\/wp\/v2\/posts\/22797\/revisions"}],"wp:featuredmedia":[{"embeddable":true,"href":"https:\/\/vocesdebaires.com.ar\/index.php\/wp-json\/wp\/v2\/media\/15727"}],"wp:attachment":[{"href":"https:\/\/vocesdebaires.com.ar\/index.php\/wp-json\/wp\/v2\/media?parent=22797"}],"wp:term":[{"taxonomy":"category","embeddable":true,"href":"https:\/\/vocesdebaires.com.ar\/index.php\/wp-json\/wp\/v2\/categories?post=22797"},{"taxonomy":"post_tag","embeddable":true,"href":"https:\/\/vocesdebaires.com.ar\/index.php\/wp-json\/wp\/v2\/tags?post=22797"}],"curies":[{"name":"wp","href":"https:\/\/api.w.org\/{rel}","templated":true}]}}