{"id":22800,"date":"2014-03-21T19:53:06","date_gmt":"2014-03-21T22:53:06","guid":{"rendered":"http:\/\/vocesdebaires.com.ar\/wordpress\/index.php\/2014\/03\/21\/olimpo-rafaela-abriran-hoy-la-fecha-9\/"},"modified":"2014-03-21T19:53:06","modified_gmt":"2014-03-21T22:53:06","slug":"olimpo-rafaela-abriran-hoy-la-fecha-9","status":"publish","type":"post","link":"https:\/\/vocesdebaires.com.ar\/index.php\/2014\/03\/21\/olimpo-rafaela-abriran-hoy-la-fecha-9\/","title":{"rendered":"Olimpo &#8211; Rafaela abrir\u00e1n hoy la fecha 9"},"content":{"rendered":"<p><span style=\"line-height: 1.3em;\">Desde las 18.15, Olimpo de Bah\u00eda Blanca recibir\u00e1 a Atl\u00e9tico de Rafaela en el inicio de la 9na. fecha. A las 20.30 el l\u00edder Col\u00f3n (SF) se medir\u00e1 con Tigre. El s\u00e1bado se disputar\u00e1n cuatro encuentros y el domingo se cerrar\u00e1 la fecha con cuatro cotejos m\u00e1s. <\/span><\/p>\n<p>Viernes 21<\/p>\n<p><span style=\"line-height: 1.3em;\">18:15&#8211;Olimpo de Bah\u00eda Blanca &#8211; At\u00e9tico de Rafaela, \u00e1rbitro: Patricio Loustau (TV)<\/span><\/p>\n<p>20:30&#8211;Col\u00f3n de Santa Fe &#8211; Tigre, \u00e1rbitro: Andr\u00e9s Merlos (TV)<\/p>\n<p><span style=\"line-height: 1.3em;\">S\u00e1bado, 22 de marzo<\/span><\/p>\n<p><span style=\"line-height: 1.3em;\">17.00&#8211;Racing Club &#8211; Belgrano de C\u00f3rdoba, \u00e1rbitro: Sa\u00fal Laverni (TV)<\/span><\/p>\n<p>18:10&#8211;Argentinos Juniors &#8211; Newell&#8217;s Old Boys, \u00e1rbitro: Silvio Trucco (TV)<\/p>\n<p>19:00&#8211;Rosario Central &#8211; All Boys, \u00e1rbitro: Diego Abal (TV)<\/p>\n<p>20:30&#8211;V\u00e9lez S\u00e1rsfield &#8211; Estudiantes de La Plata, \u00e1rbitro: Luis \u00c1lvarez (TV)<\/p>\n<p><span style=\"line-height: 1.3em;\">Domingo, 23 de marzo<\/span><\/p>\n<p><span style=\"line-height: 1.3em;\">15:00&#8211;Godoy Cruz Antonio Tomba &#8211; Arsenal F.C., \u00e1rbitro: Federico Beligoy (TV) (en Estadio Mendoza)<\/span><\/p>\n<p>17:00&#8211;Gimnasia y Esgrima de La Plata &#8211; San Lorenzo de Almagro, \u00e1rbitro: Germ\u00e1n Delfino (TV)<\/p>\n<p>18:15&#8211;River Plate &#8211; Lan\u00fas, \u00e1rbitro: Mauro Vigliano (TV)<\/p>\n<p>21:30&#8211;Quilmes A.C. &#8211; Boca Juniors, \u00e1rbitro: Dar\u00edo Herrera (TV)<\/p>\n","protected":false},"excerpt":{"rendered":"<p>Desde las 18.15, Olimpo de Bah\u00eda Blanca recibir\u00e1 a Atl\u00e9tico de Rafaela en el inicio de la 9na. fecha. A las 20.30 el l\u00edder Col\u00f3n (SF) se medir\u00e1 con Tigre. El s\u00e1bado se disputar\u00e1n cuatro encuentros y el domingo se cerrar\u00e1 la fecha con cuatro cotejos m\u00e1s. Viernes 21 18:15&#8211;Olimpo de Bah\u00eda Blanca &#8211; At\u00e9tico [&hellip;]<\/p>\n","protected":false},"author":2,"featured_media":22801,"comment_status":"open","ping_status":"open","sticky":false,"template":"","format":"standard","meta":{"_et_pb_use_builder":"","_et_pb_old_content":"","_et_gb_content_width":"","footnotes":""},"categories":[39,14],"tags":[],"class_list":["post-22800","post","type-post","status-publish","format-standard","has-post-thumbnail","hentry","category-1o-division-a","category-deportes"],"_links":{"self":[{"href":"https:\/\/vocesdebaires.com.ar\/index.php\/wp-json\/wp\/v2\/posts\/22800"}],"collection":[{"href":"https:\/\/vocesdebaires.com.ar\/index.php\/wp-json\/wp\/v2\/posts"}],"about":[{"href":"https:\/\/vocesdebaires.com.ar\/index.php\/wp-json\/wp\/v2\/types\/post"}],"author":[{"embeddable":true,"href":"https:\/\/vocesdebaires.com.ar\/index.php\/wp-json\/wp\/v2\/users\/2"}],"replies":[{"embeddable":true,"href":"https:\/\/vocesdebaires.com.ar\/index.php\/wp-json\/wp\/v2\/comments?post=22800"}],"version-history":[{"count":0,"href":"https:\/\/vocesdebaires.com.ar\/index.php\/wp-json\/wp\/v2\/posts\/22800\/revisions"}],"wp:featuredmedia":[{"embeddable":true,"href":"https:\/\/vocesdebaires.com.ar\/index.php\/wp-json\/wp\/v2\/media\/22801"}],"wp:attachment":[{"href":"https:\/\/vocesdebaires.com.ar\/index.php\/wp-json\/wp\/v2\/media?parent=22800"}],"wp:term":[{"taxonomy":"category","embeddable":true,"href":"https:\/\/vocesdebaires.com.ar\/index.php\/wp-json\/wp\/v2\/categories?post=22800"},{"taxonomy":"post_tag","embeddable":true,"href":"https:\/\/vocesdebaires.com.ar\/index.php\/wp-json\/wp\/v2\/tags?post=22800"}],"curies":[{"name":"wp","href":"https:\/\/api.w.org\/{rel}","templated":true}]}}