{"id":22802,"date":"2014-03-21T20:07:57","date_gmt":"2014-03-21T23:07:57","guid":{"rendered":"http:\/\/vocesdebaires.com.ar\/wordpress\/index.php\/2014\/03\/21\/grondona-participo-de-un-acto-con-el-papa-francisco\/"},"modified":"2014-03-21T20:07:57","modified_gmt":"2014-03-21T23:07:57","slug":"grondona-participo-de-un-acto-con-el-papa-francisco","status":"publish","type":"post","link":"https:\/\/vocesdebaires.com.ar\/index.php\/2014\/03\/21\/grondona-participo-de-un-acto-con-el-papa-francisco\/","title":{"rendered":"Grondona particip\u00f3 de un acto con el Papa Francisco"},"content":{"rendered":"<p><span style=\"line-height: 1.3em;\">El Papa Francisco plant\u00f3 el primer olivo virtual en el mundo para promover la paz y el Presidente de esta Casa, Se\u00f1or Julio Grondona, particip\u00f3 del acto. Al cumplirse un a\u00f1o, el 19 de marzo, de la misa de toma de posesi\u00f3n de la inicio del ministerio de Pedro, el Papa Francisco plant\u00f3 el primer olivo virtual por la paz en todo el mundo. A su vez, durante el cierre de la Jornada sostuvo que la educaci\u00f3n, el arte y la solidaridad son claves para el salvataje que los j\u00f3venes y la sociedad de hoy necesitan en pos de una cultura del encuentro.<\/span><\/p>\n<p><span style=\"line-height: 1.3em;\">A su vez, se anunci\u00f3 que pasada la Copa del Mundo de la, FIFA, en agosto se realizar\u00e1 el \u00abPrimer Partido Interreligioso por la Paz\u00bb.<\/span><span style=\"line-height: 1.3em;\">En el a\u00f1o 2000 el Arzobispo de Buenos Aires Jorge Bergoglio, hoy Papa Francisco, plant\u00f3 un olivo en la Plaza de Mayo de Buenos Aires, junto con ministros de todos los credos y ante la presencia de m\u00e1s de 7.000 estudiantes. Ese mismo olivo de la paz fue el que entreg\u00f3 el Papa a Messi y Buffon como capitanes de las selecciones de f\u00fatbol en el d\u00eda del lanzamiento de Scholas Occurrentes en agosto de 2013, movimiento que se desarrolla en el \u00e1mbito de la Pontifica Academia para las Ciencias.<\/span><\/p>\n<p><span style=\"line-height: 1.3em;\">Hoy gracias a las redes sociales y su posibilidad de evangelizar y transmitir el mensaje de paz a trav\u00e9s de estos medios de comunicaci\u00f3n digitales, el Papa Francisco plant\u00f3 el primer olivo virtual desde el Vaticano. Como respuesta a este llamado, la empresa Telef\u00f3nica facilitar\u00e1 en todos sus sitios la posibilidad para que la gente plante el olivo virtual realizado con elapoyo de Aula365.<\/span><span style=\"line-height: 1.3em;\">En el evento de cierre de las II Jornadas de la Red Mundial de Escuelas para el Encuentro que se desarroll\u00f3 \u00a0en Santa Marta en el Vaticano, el Papa Francisco desde una Tablet haciendo clic plant\u00f3 un olivo virtual. Para conocer m\u00e1s sobre esta iniciativa y plantar el olivo, cada persona puede ingresar en www.scholasoccurrentes.org<\/span><\/p>\n<p><span style=\"line-height: 1.3em;\">Por otro lado en el mismo evento de cierre de las Jornadas en el Vaticano en Santa Marta, Julio Grondona en representaci\u00f3n de la FIFA y representantes de las asociaciones que nuclean a futbolistas en el mundo se comprometieron a apoyar a la red mediante la firma de un compromiso escrito. \u201cEsto es in\u00e9dito para la Iglesia y para el mundo del f\u00fatbol, todos los futbolistas del mundo se comprometen con el Papa a apoyar esta red de escuelas que \u00e9l lanz\u00f3\u201d, apunt\u00f3 Del Corral.<\/span><\/p>\n","protected":false},"excerpt":{"rendered":"<p>El Papa Francisco plant\u00f3 el primer olivo virtual en el mundo para promover la paz y el Presidente de esta Casa, Se\u00f1or Julio Grondona, particip\u00f3 del acto. Al cumplirse un a\u00f1o, el 19 de marzo, de la misa de toma de posesi\u00f3n de la inicio del ministerio de Pedro, el Papa Francisco plant\u00f3 el primer [&hellip;]<\/p>\n","protected":false},"author":2,"featured_media":22803,"comment_status":"open","ping_status":"open","sticky":false,"template":"","format":"standard","meta":{"_et_pb_use_builder":"","_et_pb_old_content":"","_et_gb_content_width":"","footnotes":""},"categories":[39,14],"tags":[],"class_list":["post-22802","post","type-post","status-publish","format-standard","has-post-thumbnail","hentry","category-1o-division-a","category-deportes"],"_links":{"self":[{"href":"https:\/\/vocesdebaires.com.ar\/index.php\/wp-json\/wp\/v2\/posts\/22802"}],"collection":[{"href":"https:\/\/vocesdebaires.com.ar\/index.php\/wp-json\/wp\/v2\/posts"}],"about":[{"href":"https:\/\/vocesdebaires.com.ar\/index.php\/wp-json\/wp\/v2\/types\/post"}],"author":[{"embeddable":true,"href":"https:\/\/vocesdebaires.com.ar\/index.php\/wp-json\/wp\/v2\/users\/2"}],"replies":[{"embeddable":true,"href":"https:\/\/vocesdebaires.com.ar\/index.php\/wp-json\/wp\/v2\/comments?post=22802"}],"version-history":[{"count":0,"href":"https:\/\/vocesdebaires.com.ar\/index.php\/wp-json\/wp\/v2\/posts\/22802\/revisions"}],"wp:featuredmedia":[{"embeddable":true,"href":"https:\/\/vocesdebaires.com.ar\/index.php\/wp-json\/wp\/v2\/media\/22803"}],"wp:attachment":[{"href":"https:\/\/vocesdebaires.com.ar\/index.php\/wp-json\/wp\/v2\/media?parent=22802"}],"wp:term":[{"taxonomy":"category","embeddable":true,"href":"https:\/\/vocesdebaires.com.ar\/index.php\/wp-json\/wp\/v2\/categories?post=22802"},{"taxonomy":"post_tag","embeddable":true,"href":"https:\/\/vocesdebaires.com.ar\/index.php\/wp-json\/wp\/v2\/tags?post=22802"}],"curies":[{"name":"wp","href":"https:\/\/api.w.org\/{rel}","templated":true}]}}