{"id":22804,"date":"2014-03-21T20:20:15","date_gmt":"2014-03-21T23:20:15","guid":{"rendered":"http:\/\/vocesdebaires.com.ar\/wordpress\/index.php\/2014\/03\/21\/primera-b-nacionalel-domingo-se-disputaran-cuatro-encuentros\/"},"modified":"2014-03-21T20:20:15","modified_gmt":"2014-03-21T23:20:15","slug":"primera-b-nacionalel-domingo-se-disputaran-cuatro-encuentros","status":"publish","type":"post","link":"https:\/\/vocesdebaires.com.ar\/index.php\/2014\/03\/21\/primera-b-nacionalel-domingo-se-disputaran-cuatro-encuentros\/","title":{"rendered":"Primera B Nacional:El domingo se disputar\u00e1n cuatro encuentros"},"content":{"rendered":"<p><span style=\"line-height: 1.3em;\">El domingo con el cotejo entre Hurac\u00e1n y Patronato a las 16, comienza una nueva fecha de Primera B Nacional. El lunes se disputar\u00e1n siete encuentros. <\/span><\/p>\n<p><span style=\"line-height: 1.3em;\">Se jugar\u00e1 del siguiente modo:<\/span><\/p>\n<p><span style=\"line-height: 1.3em;\">Domingo 23 de marzo<\/span><\/p>\n<p><span style=\"line-height: 1.3em;\"> <\/span><span style=\"line-height: 1.3em;\">16.00&#8211;Hurac\u00e1n &#8211; Patronato, \u00e1rbitro: Carlos Maglio (TV)<\/span><\/p>\n<p>18.00&#8211;Atl\u00e9tico Tucum\u00e1n &#8211; Boca Unidos, \u00e1rbitro: Juan Pablo Pompei (TV)<\/p>\n<p>18.00&#8211;Crucero del Norte &#8211; Sportivo Belgrano, \u00e1rbitro: Ariel Su\u00e1rez<\/p>\n<p>19.00&#8211;Aldosivi (M. del P.) &#8211; Douglas Haig, \u00e1rbitro: Fernando Echenique (en Estadio Mar del Plata)<\/p>\n<p><span style=\"line-height: 1.3em;\">Lunes 24 de marzo<\/span><\/p>\n<p><span style=\"line-height: 1.3em;\">16.00&#8211;Villa San Carlos &#8211; Defensa y Justicia, \u00e1rbitro: Mauro Giannini (TV)<\/span><\/p>\n<p>16.00&#8211;Almirante Brown &#8211; Gimnasia y Esgrima (Jujuy), \u00e1rbitro: Pablo D\u00edaz (TV)<\/p>\n<p>16.00&#8211;Independiente Rivadavia (Mza.) &#8211; Brown (Adrogu\u00e9), \u00e1rbitro: Pedro Arga\u00f1araz<\/p>\n<p>18.00&#8211;Talleres (Cba.) &#8211; Ferro Carril Oeste, \u00e1rbitro: Facundo Tello Figueroa (En el estadio Mario A. Kempes)<\/p>\n<p>18.15&#8211;Banfield &#8211; Instituto (Cba.), \u00e1rbitro: Alejandro Castro (TV)<\/p>\n<p>20.00&#8211;Uni\u00f3n &#8211; San Mart\u00edn (San Juan), \u00e1rbitro: Jorge Bali\u00f1o<\/p>\n<p>21.30&#8211;Sarmiento &#8211; Independiente, \u00e1rbitro: Pablo Lunati (TV)<\/p>\n","protected":false},"excerpt":{"rendered":"<p>El domingo con el cotejo entre Hurac\u00e1n y Patronato a las 16, comienza una nueva fecha de Primera B Nacional. El lunes se disputar\u00e1n siete encuentros. Se jugar\u00e1 del siguiente modo: Domingo 23 de marzo 16.00&#8211;Hurac\u00e1n &#8211; Patronato, \u00e1rbitro: Carlos Maglio (TV) 18.00&#8211;Atl\u00e9tico Tucum\u00e1n &#8211; Boca Unidos, \u00e1rbitro: Juan Pablo Pompei (TV) 18.00&#8211;Crucero del Norte [&hellip;]<\/p>\n","protected":false},"author":2,"featured_media":22805,"comment_status":"open","ping_status":"open","sticky":false,"template":"","format":"standard","meta":{"_et_pb_use_builder":"","_et_pb_old_content":"","_et_gb_content_width":"","footnotes":""},"categories":[47,14],"tags":[],"class_list":["post-22804","post","type-post","status-publish","format-standard","has-post-thumbnail","hentry","category-1o-division-b-nacional","category-deportes"],"_links":{"self":[{"href":"https:\/\/vocesdebaires.com.ar\/index.php\/wp-json\/wp\/v2\/posts\/22804"}],"collection":[{"href":"https:\/\/vocesdebaires.com.ar\/index.php\/wp-json\/wp\/v2\/posts"}],"about":[{"href":"https:\/\/vocesdebaires.com.ar\/index.php\/wp-json\/wp\/v2\/types\/post"}],"author":[{"embeddable":true,"href":"https:\/\/vocesdebaires.com.ar\/index.php\/wp-json\/wp\/v2\/users\/2"}],"replies":[{"embeddable":true,"href":"https:\/\/vocesdebaires.com.ar\/index.php\/wp-json\/wp\/v2\/comments?post=22804"}],"version-history":[{"count":0,"href":"https:\/\/vocesdebaires.com.ar\/index.php\/wp-json\/wp\/v2\/posts\/22804\/revisions"}],"wp:featuredmedia":[{"embeddable":true,"href":"https:\/\/vocesdebaires.com.ar\/index.php\/wp-json\/wp\/v2\/media\/22805"}],"wp:attachment":[{"href":"https:\/\/vocesdebaires.com.ar\/index.php\/wp-json\/wp\/v2\/media?parent=22804"}],"wp:term":[{"taxonomy":"category","embeddable":true,"href":"https:\/\/vocesdebaires.com.ar\/index.php\/wp-json\/wp\/v2\/categories?post=22804"},{"taxonomy":"post_tag","embeddable":true,"href":"https:\/\/vocesdebaires.com.ar\/index.php\/wp-json\/wp\/v2\/tags?post=22804"}],"curies":[{"name":"wp","href":"https:\/\/api.w.org\/{rel}","templated":true}]}}