{"id":22809,"date":"2014-03-25T20:15:43","date_gmt":"2014-03-25T23:15:43","guid":{"rendered":"http:\/\/vocesdebaires.com.ar\/wordpress\/index.php\/2014\/03\/25\/macri-junto-al-presidente-del-peru-ollanta-humala\/"},"modified":"2014-03-25T20:15:43","modified_gmt":"2014-03-25T23:15:43","slug":"macri-junto-al-presidente-del-peru-ollanta-humala","status":"publish","type":"post","link":"https:\/\/vocesdebaires.com.ar\/index.php\/2014\/03\/25\/macri-junto-al-presidente-del-peru-ollanta-humala\/","title":{"rendered":"Macri junto al presidente del Peru, Ollanta Humala"},"content":{"rendered":"<p><span style=\"line-height: 1.3em;\">El jefe de Gobierno de la Ciudad de Buenos Aires, Mauricio Macri, se reuni\u00f3 en Lima con el presidente de la Rep\u00fablica del Peru, Ollanta Humala y destac\u00f3 el crecimiento de ese pa\u00eds en la \u00faltima d\u00e9cada. <\/span><\/p>\n<p>Ambos mandatarios hicieron un an\u00e1lisis de la regi\u00f3n. Posteriormente Humala, agradeci\u00f3 el apoyo que le brinda Buenos Aires a la colectividad peruana, mientras Macri habl\u00f3 sobre el trabajo que est\u00e1 haciendo en la ciudad y ratific\u00f3 su decisi\u00f3n de presentarse a candidato presidencial.<span style=\"line-height: 1.3em;\">Macri y Humala acordaronreunirse nuevamente antes de fin de a\u00f1o.<\/span><\/p>\n","protected":false},"excerpt":{"rendered":"<p>El jefe de Gobierno de la Ciudad de Buenos Aires, Mauricio Macri, se reuni\u00f3 en Lima con el presidente de la Rep\u00fablica del Peru, Ollanta Humala y destac\u00f3 el crecimiento de ese pa\u00eds en la \u00faltima d\u00e9cada. Ambos mandatarios hicieron un an\u00e1lisis de la regi\u00f3n. Posteriormente Humala, agradeci\u00f3 el apoyo que le brinda Buenos Aires [&hellip;]<\/p>\n","protected":false},"author":2,"featured_media":22810,"comment_status":"open","ping_status":"open","sticky":false,"template":"","format":"standard","meta":{"_et_pb_use_builder":"","_et_pb_old_content":"","_et_gb_content_width":"","footnotes":""},"categories":[11,44],"tags":[],"class_list":["post-22809","post","type-post","status-publish","format-standard","has-post-thumbnail","hentry","category-ciudad","category-funcionarios-de-la-caba"],"_links":{"self":[{"href":"https:\/\/vocesdebaires.com.ar\/index.php\/wp-json\/wp\/v2\/posts\/22809"}],"collection":[{"href":"https:\/\/vocesdebaires.com.ar\/index.php\/wp-json\/wp\/v2\/posts"}],"about":[{"href":"https:\/\/vocesdebaires.com.ar\/index.php\/wp-json\/wp\/v2\/types\/post"}],"author":[{"embeddable":true,"href":"https:\/\/vocesdebaires.com.ar\/index.php\/wp-json\/wp\/v2\/users\/2"}],"replies":[{"embeddable":true,"href":"https:\/\/vocesdebaires.com.ar\/index.php\/wp-json\/wp\/v2\/comments?post=22809"}],"version-history":[{"count":0,"href":"https:\/\/vocesdebaires.com.ar\/index.php\/wp-json\/wp\/v2\/posts\/22809\/revisions"}],"wp:featuredmedia":[{"embeddable":true,"href":"https:\/\/vocesdebaires.com.ar\/index.php\/wp-json\/wp\/v2\/media\/22810"}],"wp:attachment":[{"href":"https:\/\/vocesdebaires.com.ar\/index.php\/wp-json\/wp\/v2\/media?parent=22809"}],"wp:term":[{"taxonomy":"category","embeddable":true,"href":"https:\/\/vocesdebaires.com.ar\/index.php\/wp-json\/wp\/v2\/categories?post=22809"},{"taxonomy":"post_tag","embeddable":true,"href":"https:\/\/vocesdebaires.com.ar\/index.php\/wp-json\/wp\/v2\/tags?post=22809"}],"curies":[{"name":"wp","href":"https:\/\/api.w.org\/{rel}","templated":true}]}}