{"id":2284,"date":"2020-05-05T03:00:00","date_gmt":"2020-05-05T06:00:00","guid":{"rendered":"http:\/\/vocesdebaires.com.ar\/wordpress\/index.php\/2020\/05\/05\/ciudad-reforzo-el-uso-del-tapabocas\/"},"modified":"2020-05-05T03:00:00","modified_gmt":"2020-05-05T06:00:00","slug":"ciudad-reforzo-el-uso-del-tapabocas","status":"publish","type":"post","link":"https:\/\/vocesdebaires.com.ar\/index.php\/2020\/05\/05\/ciudad-reforzo-el-uso-del-tapabocas\/","title":{"rendered":"Ciudad reforz\u00f3 el uso del tapabocas"},"content":{"rendered":"<p>Para prevenir contagios se ampli\u00f3 la obligatoriedad del uso del tapabocas al espacio p\u00fablico de la Ciudad de Buenos Aires. Ante el crecimiento de casos y el aumento de la circulaci\u00f3n p\u00fablica de personas, el Gobierno porte\u00f1o decidi\u00f3 extender el uso del tapabocas. Se debe a que dos de cada tres personas no presentan s\u00edntomas o tienen s\u00edntomas leves y el tapabocas disminuye la posibilidad de contagio. En el contexto del \u201caislamiento social y preventivo\u201d, desde el 15 de abril el tapabocas es obligatorio para ingresar o permanecer en locales comerciales, en dependencias de atenci\u00f3n al p\u00fablico sean p\u00fablicas o privadas y en medios de transporte p\u00fablico en el \u00e1mbito de la Ciudad Aut\u00f3noma de Buenos Aires.<\/p>\n<p>Se incluye tambi\u00e9n el uso del tapabocas para circular y permanecer en el espacio p\u00fablico. De todos modos, el Gobierno porte\u00f1o ya hab\u00eda recomendado el uso de tapabocas como medida de prevenci\u00f3n en todo momento y en cualquier otro \u00e1mbito o lugar. Es muy \u00fatil porque el virus tiene una alta capacidad de transmisibilidad y est\u00e1 presente a\u00fan en personas que se han contagiado pero no presentan s\u00edntomas. C\u00f3mo tapabocas sirve cualquier elemento que pueda cubrir boca, nariz y ment\u00f3n de fabricaci\u00f3n casera con pa\u00f1uelos y telas. No hace falta ni m\u00e1scaras ni barbijos. La resoluci\u00f3n entr\u00f3 en vigencia a las 0 horas del lunes 4 y desde ese momento es efectiva la fiscalizaci\u00f3n y denuncias al 147.<\/p>\n<p>Para quienes no respeten la medida se prev\u00e9n sanciones de 500 unidades fijas ($ 10.700) a 3.700 unidades fijas ($ 79.180) y\/o clausura y\/o inhabilitaci\u00f3n en caso de comercios. Adem\u00e1s sigue prohibida la comercializaci\u00f3n en el \u00e1mbito de la Ciudad Aut\u00f3noma de Buenos Aires de los barbijos sanitarios N95 a cualquier persona que no acredite ser profesional o personal del servicio de salud y a las personas jur\u00eddicas que no tengan por objeto la prestaci\u00f3n de ese servicio. Este modelo est\u00e1 autorizado por la Administraci\u00f3n Nacional de Medicamentos, Alimentos y Tecnolog\u00eda M\u00e9dica para uso m\u00e9dico y se busca no desabastecer el mercado.<\/p>\n","protected":false},"excerpt":{"rendered":"<p>Para prevenir contagios se ampli\u00f3 la obligatoriedad del uso del tapabocas al espacio p\u00fablico de la Ciudad de Buenos Aires. Ante el crecimiento de casos y el aumento de la circulaci\u00f3n p\u00fablica de personas, el Gobierno porte\u00f1o decidi\u00f3 extender el uso del tapabocas. Se debe a que dos de cada tres personas no presentan s\u00edntomas [&hellip;]<\/p>\n","protected":false},"author":1,"featured_media":2285,"comment_status":"open","ping_status":"open","sticky":false,"template":"","format":"standard","meta":{"_et_pb_use_builder":"","_et_pb_old_content":"","_et_gb_content_width":"","footnotes":""},"categories":[11,33],"tags":[],"class_list":["post-2284","post","type-post","status-publish","format-standard","has-post-thumbnail","hentry","category-ciudad","category-sociedad-y-cultura-2"],"_links":{"self":[{"href":"https:\/\/vocesdebaires.com.ar\/index.php\/wp-json\/wp\/v2\/posts\/2284"}],"collection":[{"href":"https:\/\/vocesdebaires.com.ar\/index.php\/wp-json\/wp\/v2\/posts"}],"about":[{"href":"https:\/\/vocesdebaires.com.ar\/index.php\/wp-json\/wp\/v2\/types\/post"}],"author":[{"embeddable":true,"href":"https:\/\/vocesdebaires.com.ar\/index.php\/wp-json\/wp\/v2\/users\/1"}],"replies":[{"embeddable":true,"href":"https:\/\/vocesdebaires.com.ar\/index.php\/wp-json\/wp\/v2\/comments?post=2284"}],"version-history":[{"count":0,"href":"https:\/\/vocesdebaires.com.ar\/index.php\/wp-json\/wp\/v2\/posts\/2284\/revisions"}],"wp:featuredmedia":[{"embeddable":true,"href":"https:\/\/vocesdebaires.com.ar\/index.php\/wp-json\/wp\/v2\/media\/2285"}],"wp:attachment":[{"href":"https:\/\/vocesdebaires.com.ar\/index.php\/wp-json\/wp\/v2\/media?parent=2284"}],"wp:term":[{"taxonomy":"category","embeddable":true,"href":"https:\/\/vocesdebaires.com.ar\/index.php\/wp-json\/wp\/v2\/categories?post=2284"},{"taxonomy":"post_tag","embeddable":true,"href":"https:\/\/vocesdebaires.com.ar\/index.php\/wp-json\/wp\/v2\/tags?post=2284"}],"curies":[{"name":"wp","href":"https:\/\/api.w.org\/{rel}","templated":true}]}}