{"id":22851,"date":"2014-03-28T14:26:19","date_gmt":"2014-03-28T17:26:19","guid":{"rendered":"http:\/\/vocesdebaires.com.ar\/wordpress\/index.php\/2014\/03\/28\/legislatura-aniversario-del-golpe-de-estado\/"},"modified":"2014-03-28T14:26:19","modified_gmt":"2014-03-28T17:26:19","slug":"legislatura-aniversario-del-golpe-de-estado","status":"publish","type":"post","link":"https:\/\/vocesdebaires.com.ar\/index.php\/2014\/03\/28\/legislatura-aniversario-del-golpe-de-estado\/","title":{"rendered":"Legislatura: Aniversario del Golpe de Estado"},"content":{"rendered":"<p><span style=\"line-height: 1.3em;\">Al inicio de la sesi\u00f3n cada bloque cont\u00f3 con cinco minutos para realizar manifestaciones en relaci\u00f3n al 38 \u00ba aniversario del \u00faltimo Golpe de Estado que sufri\u00f3 la Argentina. La representante del bloque Confianza P\u00fablica, Cristina Garc\u00eda, hizo un recorrido por la fecha hist\u00f3rica y afirm\u00f3 que \u00abcada 24 de marzo es una fecha para recordar y continuar aprendiendo\u00bb. Por su parte, el legislador Marcelo Ramal (FIT) expres\u00f3: \u00abRendimos nuestro reconocimiento y homenaje a los 30.000 desaparecidos. Siempre hemos marchado recordando desde el presente\u00bb; mientras que Hern\u00e1n Arce (PS) sostuvo que reafirmar la defensa de todos los derechos humanos y de la democracia es tarea de todos y que su partido lo har\u00e1 desde la militancia, y luego record\u00f3 a Alfredo Bravo, quien fue secuestrado y torturado durante el gobierno de facto.<\/span><\/p>\n<p><span style=\"line-height: 1.3em;\">\u00abSaludo a todos los familiares y a los que intentan construir desde el amor un proyecto de democracia solidaria\u00bb, dijo la diputada Virginia Gonz\u00e1lez Gass (PSA) durante su discurso. El legislador del bloque Nuevo Encuentro Jos\u00e9 Cruz Campagnoli (NE) afirm\u00f3: \u00abHay un triunfo del pueblo argentino que ha puesto el objetivo en el futuro, lugar donde debe estar, y ha empezado a reparar ciertas cosas del pasado, pero a\u00fan falta mucho\u00bb. Por su parte, la diputada Paula Oliveto (CC-UNEN) expres\u00f3: \u00abNo s\u00f3lo se secuestr\u00f3, se asesin\u00f3 o se hizo desaparecer a miles de hombres y mujeres sino que se derrumbaron las bases socioecon\u00f3micas, centralizando el capital en pocas empresas. Aunque sea doloroso queremos recordar lo que ocurri\u00f3 en esa \u00e9poca\u00bb.<\/span><\/p>\n<p><span style=\"line-height: 1.3em;\">En tanto, el legislador Alejandro Bodart (MST) sostuvo que \u00abla dictadura no se hubiera podido realizar sin la complicidad civil. Por eso es importante recordar toda la complicidad que llev\u00f3 a cabo el plan siniestro que termin\u00f3 con la vida de 30 mil argentinos\u00bb. La diputada Susana Rinaldi (FPP) asegur\u00f3: \u00abrecuperar la memoria conociendo a fondo la historia nos obliga a no especular con intereses particulares y la democracia necesita que sumemos nuestra fuerza a los incansables sectores que articularon la lucha para recuperarla\u00bb.<\/span><\/p>\n<p><span style=\"line-height: 1.3em;\">En nombre del bloque Verde Alameda, el diputado Gustavo Vera manifest\u00f3 su desconcierto por la \u00abparad\u00f3jica diferencia de niveles de indignaci\u00f3n que se perciben cuando se habla de desaparici\u00f3n por razones pol\u00edticas y distinta cuando es por explotaci\u00f3n sexual o laboral\u00bb y reclam\u00f3 un protocolo de asistencia a v\u00edctimas de trata. El diputado Hern\u00e1n Rossi plante\u00f3 el \u00abrechazo del bloque UNEN al convenio firmado por los gobiernos porte\u00f1o y nacional para el traspaso del Instituto Espacio para la Memoria\u00bb y agreg\u00f3 que como consecuencia de \u00e9ste \u00abla ciudad queda hu\u00e9rfana de pol\u00edtica p\u00fablica de memoria\u00bb.<\/span><span style=\"line-height: 1.3em;\">Representando al Frente para la Victoria, el diputado Jorge Taiana destac\u00f3 que actualmente \u00abla sociedad argentina quiere realizar el proceso de aprendizaje para saldar el pasado necesario para construir un futuro mejor\u00bb y diferenci\u00f3 este momento con otros en los que no se avanzaba en este camino.<\/span><\/p>\n<p><span style=\"line-height: 1.3em;\">Por su parte el diputado Cristian Ritondo (PRO) insert\u00f3 su discurso en el acta de sesiones. \u00abCada aniversario nos lleva a ratificar nuestra vocaci\u00f3n democr\u00e1tica y a defender sin especulaciones la vigencia plena de los derechos humanos. Aquel golpe c\u00edvico-militar se aprovech\u00f3 de la desuni\u00f3n y del enfrentamiento entre argentinos. Seamos consecuentes con quienes perdieron su vida luchando por un pa\u00eds mejor, construyendo puentes de amistad social, de unidad nacional y de respeto al que piensa distinto. As\u00ed, seguiremos creciendo en paz, justicia y libertad\u00bb, expres\u00f3. Por el mismo bloque, el legislador Helio Rebot asegur\u00f3: \u00abEsperamos que la democracia sea un ciclo que de la mano de todos se mantenga en la Argentina. Esta fecha debe ser para recordar e impedir que vuelva a pasar algo as\u00ed en el pa\u00eds, tenemos que ser cap aces de reconocer la memoria de nuestros compa\u00f1eros\u00bb.<\/span><\/p>\n","protected":false},"excerpt":{"rendered":"<p>Al inicio de la sesi\u00f3n cada bloque cont\u00f3 con cinco minutos para realizar manifestaciones en relaci\u00f3n al 38 \u00ba aniversario del \u00faltimo Golpe de Estado que sufri\u00f3 la Argentina. La representante del bloque Confianza P\u00fablica, Cristina Garc\u00eda, hizo un recorrido por la fecha hist\u00f3rica y afirm\u00f3 que \u00abcada 24 de marzo es una fecha para [&hellip;]<\/p>\n","protected":false},"author":2,"featured_media":22852,"comment_status":"open","ping_status":"open","sticky":false,"template":"","format":"standard","meta":{"_et_pb_use_builder":"","_et_pb_old_content":"","_et_gb_content_width":"","footnotes":""},"categories":[11,44],"tags":[],"class_list":["post-22851","post","type-post","status-publish","format-standard","has-post-thumbnail","hentry","category-ciudad","category-funcionarios-de-la-caba"],"_links":{"self":[{"href":"https:\/\/vocesdebaires.com.ar\/index.php\/wp-json\/wp\/v2\/posts\/22851"}],"collection":[{"href":"https:\/\/vocesdebaires.com.ar\/index.php\/wp-json\/wp\/v2\/posts"}],"about":[{"href":"https:\/\/vocesdebaires.com.ar\/index.php\/wp-json\/wp\/v2\/types\/post"}],"author":[{"embeddable":true,"href":"https:\/\/vocesdebaires.com.ar\/index.php\/wp-json\/wp\/v2\/users\/2"}],"replies":[{"embeddable":true,"href":"https:\/\/vocesdebaires.com.ar\/index.php\/wp-json\/wp\/v2\/comments?post=22851"}],"version-history":[{"count":0,"href":"https:\/\/vocesdebaires.com.ar\/index.php\/wp-json\/wp\/v2\/posts\/22851\/revisions"}],"wp:featuredmedia":[{"embeddable":true,"href":"https:\/\/vocesdebaires.com.ar\/index.php\/wp-json\/wp\/v2\/media\/22852"}],"wp:attachment":[{"href":"https:\/\/vocesdebaires.com.ar\/index.php\/wp-json\/wp\/v2\/media?parent=22851"}],"wp:term":[{"taxonomy":"category","embeddable":true,"href":"https:\/\/vocesdebaires.com.ar\/index.php\/wp-json\/wp\/v2\/categories?post=22851"},{"taxonomy":"post_tag","embeddable":true,"href":"https:\/\/vocesdebaires.com.ar\/index.php\/wp-json\/wp\/v2\/tags?post=22851"}],"curies":[{"name":"wp","href":"https:\/\/api.w.org\/{rel}","templated":true}]}}