{"id":22864,"date":"2014-03-31T12:31:43","date_gmt":"2014-03-31T15:31:43","guid":{"rendered":"http:\/\/vocesdebaires.com.ar\/wordpress\/index.php\/2014\/03\/31\/vidallas-cosas-se-hacen-tarde-y-mal\/"},"modified":"2014-03-31T12:31:43","modified_gmt":"2014-03-31T15:31:43","slug":"vidallas-cosas-se-hacen-tarde-y-mal","status":"publish","type":"post","link":"https:\/\/vocesdebaires.com.ar\/index.php\/2014\/03\/31\/vidallas-cosas-se-hacen-tarde-y-mal\/","title":{"rendered":"Vidal:\u00bbLas cosas se hacen tarde y mal\u00bb"},"content":{"rendered":"<p>La referente del PRO bonaerense Mar\u00eda Eugenia Vidal critic\u00f3 hoy la quita de subsidios dispuesta por el gobierno nacional y afirm\u00f3 que \u00abdurante muchos a\u00f1os se le minti\u00f3 a la gente y ahora las cosas se hacen tarde y mal\u00bb.<span style=\"line-height: 1.3em;\">\u00abDesde hace tiempo estamos saliendo del relato y entrando a la realidad. Durante muchos a\u00f1os se le minti\u00f3 a la gente, dici\u00e9ndole que la energ\u00eda era barata e ilimitada. Y este verano, en muchos lugares de la Provincia y en la Ciudad, pagamos las consecuencias de esto con los cortes de luz\u00bb, sostuvo Vidal durante una visita a la ciudad de Jun\u00edn, acompa\u00f1ada por el ministro de Educaci\u00f3n, Esteban Bullrich, y el referente local Pablo Petrecca.<\/span><\/p>\n<p><span style=\"line-height: 1.3em;\">Por otra parte, advirti\u00f3 que \u00abBuenos Aires es la provincia de la inseguridad, del temor a que te pase algo; la provincia en que los hospitales no funcionan y est\u00e1n de paro; la provincia de los 17 d\u00edas sin clases, con familias esperando para mandar a sus hijos a la escuela\u00bb.<\/span><span style=\"line-height: 1.3em;\">\u00abEs una provincia en la que hay mucho por hacer porque tiene todo para cambiar: Campo, pesca, industria, turismo y, sobre todo, bonaerenses a los que les sobran ganas y actitud. Lo que necesita es un gobierno que empuje, se involucre, que d\u00e9 oportunidades y administre bien los recursos\u00bb, destac\u00f3.<\/span><\/p>\n<p><span style=\"line-height: 1.3em;\">\u00abDefinitivamente la Provincia ha sido discriminada en la coparticipaci\u00f3n, pero tambi\u00e9n es cierto que no ha habido una defensa firme de sus derechos. Con Mauricio tenemos un candidato a presidente con una mirada muy federal, que le va a devolver a la Provincia los recursos que le sacaron. Tambi\u00e9n es importante una buena administraci\u00f3n, poner los recursos al servicio de la gente\u00bb, finaliz\u00f3.<\/span><span style=\"line-height: 1.3em;\">Tras la visita a Jun\u00edn, Vidal recorri\u00f3 Olavarr\u00eda, donde particip\u00f3 de distintas actividades junto a los referentes Ezequiel Galli y Jorge Larreche.<\/span><\/p>\n","protected":false},"excerpt":{"rendered":"<p>La referente del PRO bonaerense Mar\u00eda Eugenia Vidal critic\u00f3 hoy la quita de subsidios dispuesta por el gobierno nacional y afirm\u00f3 que \u00abdurante muchos a\u00f1os se le minti\u00f3 a la gente y ahora las cosas se hacen tarde y mal\u00bb.\u00abDesde hace tiempo estamos saliendo del relato y entrando a la realidad. Durante muchos a\u00f1os se [&hellip;]<\/p>\n","protected":false},"author":2,"featured_media":22865,"comment_status":"open","ping_status":"open","sticky":false,"template":"","format":"standard","meta":{"_et_pb_use_builder":"","_et_pb_old_content":"","_et_gb_content_width":"","footnotes":""},"categories":[11,44],"tags":[],"class_list":["post-22864","post","type-post","status-publish","format-standard","has-post-thumbnail","hentry","category-ciudad","category-funcionarios-de-la-caba"],"_links":{"self":[{"href":"https:\/\/vocesdebaires.com.ar\/index.php\/wp-json\/wp\/v2\/posts\/22864"}],"collection":[{"href":"https:\/\/vocesdebaires.com.ar\/index.php\/wp-json\/wp\/v2\/posts"}],"about":[{"href":"https:\/\/vocesdebaires.com.ar\/index.php\/wp-json\/wp\/v2\/types\/post"}],"author":[{"embeddable":true,"href":"https:\/\/vocesdebaires.com.ar\/index.php\/wp-json\/wp\/v2\/users\/2"}],"replies":[{"embeddable":true,"href":"https:\/\/vocesdebaires.com.ar\/index.php\/wp-json\/wp\/v2\/comments?post=22864"}],"version-history":[{"count":0,"href":"https:\/\/vocesdebaires.com.ar\/index.php\/wp-json\/wp\/v2\/posts\/22864\/revisions"}],"wp:featuredmedia":[{"embeddable":true,"href":"https:\/\/vocesdebaires.com.ar\/index.php\/wp-json\/wp\/v2\/media\/22865"}],"wp:attachment":[{"href":"https:\/\/vocesdebaires.com.ar\/index.php\/wp-json\/wp\/v2\/media?parent=22864"}],"wp:term":[{"taxonomy":"category","embeddable":true,"href":"https:\/\/vocesdebaires.com.ar\/index.php\/wp-json\/wp\/v2\/categories?post=22864"},{"taxonomy":"post_tag","embeddable":true,"href":"https:\/\/vocesdebaires.com.ar\/index.php\/wp-json\/wp\/v2\/tags?post=22864"}],"curies":[{"name":"wp","href":"https:\/\/api.w.org\/{rel}","templated":true}]}}