{"id":2288,"date":"2020-05-04T03:00:00","date_gmt":"2020-05-04T06:00:00","guid":{"rendered":"http:\/\/vocesdebaires.com.ar\/wordpress\/index.php\/2020\/05\/04\/tapabocasantilli-dijo-es-obligacion-usarlo\/"},"modified":"2020-05-04T03:00:00","modified_gmt":"2020-05-04T06:00:00","slug":"tapabocasantilli-dijo-es-obligacion-usarlo","status":"publish","type":"post","link":"https:\/\/vocesdebaires.com.ar\/index.php\/2020\/05\/04\/tapabocasantilli-dijo-es-obligacion-usarlo\/","title":{"rendered":"Tapaboca:Santilli dijo es obligaci\u00f3n usarlo"},"content":{"rendered":"<p>\u201cAnunci\u00f3 que a partir de hoy lunes ser\u00e1 obligatorio el uso de tapabocas en toda la Ciudad. Desde el 15 de abril su uso era obligatorio en el transporte p\u00fablico, en comercios y locales con acceso al p\u00fablico. Ahora lo extendemos para evitar la propagaci\u00f3n del contagio\u201d, destac\u00f3 Santilli en una conferencia de prensa realizada junto a la ministra de Espacio P\u00fablico e Higiene Urbana, Clara Muzzio, y al secretario de Transporte y Obras P\u00fablicas, Juan Jos\u00e9 M\u00e9ndez.<\/p>\n<p>Desde el Centro de Trasbordo de Constituci\u00f3n, Santilli remarc\u00f3 que \u201cdimos un gran paso con la cuarentena y esta nueva medida va en esa l\u00ednea\u201d, para evitar la propagaci\u00f3n del virus. Y agreg\u00f3: \u201cS\u00f3lo quedan exceptuados del uso de tapabocas todas esas personas que, por razones de salud, no tengan que usarlo\u201d. Asimismo, el funcionario aclar\u00f3 que \u201ctambi\u00e9n es obligatorio para quienes viajen en un auto particular con dos o m\u00e1s personas\u201d.<\/p>\n<p>En relaci\u00f3n con la cantidad de casos, Santilli sostuvo que \u201cla curva se est\u00e1 comportando err\u00e1ticamente\u201d ya que hubo cinco d\u00edas de crecimiento y otros tres que no. \u201cEl promedio siempre est\u00e1 por debajo de la cifra que nos satura y genera problemas en el sistema p\u00fablico y privado de salud\u201d, apunt\u00f3. Por su parte, la ministra de Espacio P\u00fablico e Higiene Urbana de la Ciudad, Clara Muzzio, indic\u00f3 que la medida fue tomada porque \u201cdos de cada tres personas son asintom\u00e1ticas y as\u00ed buscamos evitar la propagaci\u00f3n del virus\u201d, al tiempo que subray\u00f3 que \u201cmuchas personas que circulan usan tapabocas porque hay una fuerte conciencia de ello\u201d.<\/p>\n<p>\u201cEsta obligatoriedad es otra medida importante en relaci\u00f3n al espacio p\u00fablico y sirve para que no s\u00f3lo nos cuidemos nosotros sino con quienes nos relacionamos. Adem\u00e1s, es uno de los primeros pasos que estamos dando para poder volver a disfrutar el espacio p\u00fablico con seguridad\u201d, a\u00f1adi\u00f3. Por \u00faltimo, el secretario de Transporte y Obras P\u00fablicas porte\u00f1o, Juan Jos\u00e9 M\u00e9ndez, sostuvo que \u201clos \u00edndices de movilidad de la Ciudad siguen siendo mucho m\u00e1s bajos que los habituales, aunque en las \u00faltimas semanas reflejan un peque\u00f1o aumento y esto implica m\u00e1s personas en la calle\u201d.<\/p>\n<p>\u201cLa obligatoriedad del uso de tapaboca en todos los espacios es un nuevo h\u00e1bito que ayuda a prevenir el contagio y una medida concreta que todos debemos adoptar para cuidarnos\u201d, remarc\u00f3. <br \/>Para finalizar, resalt\u00f3 la disminuci\u00f3n del uso del transporte p\u00fablico, y coment\u00f3 que el subterr\u00e1neo est\u00e1 siendo utilizado por el 4 por ciento de pasajeros, los trenes est\u00e1n en el 10 por ciento y los colectivos en el 25 por ciento, dependiendo el d\u00eda. La resoluci\u00f3n entrar\u00e1 en vigencia a las 0 horas del lunes 4 y desde ese momento ser\u00e1 efectiva la fiscalizaci\u00f3n y denuncias al 147. En este sentido, para quienes no respeten la medida se prev\u00e9n sanciones de 500 unidades fijas ($ 10.700) a 3.700 unidades fijas ($ 79.180) y\/o clausura y\/o inhabilitaci\u00f3n en caso de comercios.<\/p>\n<p>Adem\u00e1s, sigue prohibida la comercializaci\u00f3n en el \u00e1mbito de la Ciudad Aut\u00f3noma de Buenos Aires de los barbijos sanitarios N95 a cualquier persona que no acredite ser profesional o personal del servicio de salud y a las personas jur\u00eddicas que no tengan por objeto la prestaci\u00f3n de ese servicio. Este modelo est\u00e1 autorizado por la Administraci\u00f3n Nacional de Medicamentos, Alimentos y Tecnolog\u00eda M\u00e9dica para uso m\u00e9dico y se busca no desabastecer el mercado.Por \u00faltimo, se aclar\u00f3 que como tapabocas sirve cualquier elemento que pueda cubrir boca, nariz y ment\u00f3n de fabricaci\u00f3n casera con pa\u00f1uelos y telas, de modo que no es necesario usar m\u00e1scaras o barbijos.<\/p>\n","protected":false},"excerpt":{"rendered":"<p>\u201cAnunci\u00f3 que a partir de hoy lunes ser\u00e1 obligatorio el uso de tapabocas en toda la Ciudad. Desde el 15 de abril su uso era obligatorio en el transporte p\u00fablico, en comercios y locales con acceso al p\u00fablico. Ahora lo extendemos para evitar la propagaci\u00f3n del contagio\u201d, destac\u00f3 Santilli en una conferencia de prensa realizada [&hellip;]<\/p>\n","protected":false},"author":1,"featured_media":2289,"comment_status":"open","ping_status":"open","sticky":false,"template":"","format":"standard","meta":{"_et_pb_use_builder":"","_et_pb_old_content":"","_et_gb_content_width":"","footnotes":""},"categories":[11,33],"tags":[],"class_list":["post-2288","post","type-post","status-publish","format-standard","has-post-thumbnail","hentry","category-ciudad","category-sociedad-y-cultura-2"],"_links":{"self":[{"href":"https:\/\/vocesdebaires.com.ar\/index.php\/wp-json\/wp\/v2\/posts\/2288"}],"collection":[{"href":"https:\/\/vocesdebaires.com.ar\/index.php\/wp-json\/wp\/v2\/posts"}],"about":[{"href":"https:\/\/vocesdebaires.com.ar\/index.php\/wp-json\/wp\/v2\/types\/post"}],"author":[{"embeddable":true,"href":"https:\/\/vocesdebaires.com.ar\/index.php\/wp-json\/wp\/v2\/users\/1"}],"replies":[{"embeddable":true,"href":"https:\/\/vocesdebaires.com.ar\/index.php\/wp-json\/wp\/v2\/comments?post=2288"}],"version-history":[{"count":0,"href":"https:\/\/vocesdebaires.com.ar\/index.php\/wp-json\/wp\/v2\/posts\/2288\/revisions"}],"wp:featuredmedia":[{"embeddable":true,"href":"https:\/\/vocesdebaires.com.ar\/index.php\/wp-json\/wp\/v2\/media\/2289"}],"wp:attachment":[{"href":"https:\/\/vocesdebaires.com.ar\/index.php\/wp-json\/wp\/v2\/media?parent=2288"}],"wp:term":[{"taxonomy":"category","embeddable":true,"href":"https:\/\/vocesdebaires.com.ar\/index.php\/wp-json\/wp\/v2\/categories?post=2288"},{"taxonomy":"post_tag","embeddable":true,"href":"https:\/\/vocesdebaires.com.ar\/index.php\/wp-json\/wp\/v2\/tags?post=2288"}],"curies":[{"name":"wp","href":"https:\/\/api.w.org\/{rel}","templated":true}]}}