{"id":22882,"date":"2014-04-01T13:23:13","date_gmt":"2014-04-01T16:23:13","guid":{"rendered":"http:\/\/vocesdebaires.com.ar\/wordpress\/index.php\/2014\/04\/01\/especialistas-debatieron-sobre-la-problematica-del-narcotrafico\/"},"modified":"2014-04-01T13:23:13","modified_gmt":"2014-04-01T16:23:13","slug":"especialistas-debatieron-sobre-la-problematica-del-narcotrafico","status":"publish","type":"post","link":"https:\/\/vocesdebaires.com.ar\/index.php\/2014\/04\/01\/especialistas-debatieron-sobre-la-problematica-del-narcotrafico\/","title":{"rendered":"Especialistas debatieron sobre la problem\u00e1tica del narcotr\u00e1fico"},"content":{"rendered":"<p><span style=\"line-height: 1.3em;\">El legislador Ivan Petrella de PRO ,recibi\u00f3 En el \u00a0sal\u00f3n Presidente Per\u00f3n de la Legislatura al ex Jefe de la Polic\u00eda Metropolitana, Eugenio Burzaco y al Profesor en Ciencias Pol\u00edticas, Alberto Fohrig invitados por el el legislador Petrella (PRO) a debatir sobre narcotr\u00e1fico. En ese contexto se abordaron cuestiones vinculadas a las capacidades con que cuenta el estado, la legitimidad de los actores pol\u00edticos y su voluntad para combatir ese flagelo.<\/span><\/p>\n<p>La jornada fue encabezada por el diputado Petrella quien destac\u00f3 que \u00abel narcotr\u00e1fico es uno de los temas que se ha instalado en la agenda y por eso la idea es que participemos en paneles conformados por especialistas que nos ayuden a construir el debate legislativo\u00bb.<\/p>\n<p>Por su parte, Burzaco hizo referencia al aumento considerable del narcotr\u00e1fico en el pa\u00eds en las \u00faltimas d\u00e9cadas: \u00abEn los \u00faltimos 15 a\u00f1os se produjo un consumo creciente de todo tipo de drogas en Argentina, que ha pasado de ser un pa\u00eds de tr\u00e1nsito a uno productor, donde funcionan laboratorios y cocinas de droga\u00bb. \u00abExiste una estructura estatal endeble que facilita el ingreso de la droga, en un mercado que mueve miles de millones al a\u00f1o\u00bb, agreg\u00f3 el ex Jefe de la Polic\u00eda Metropolitana.<\/p>\n<p><span style=\"line-height: 1.3em;\">Otro de los disertantes, Alberto Fohrig vincul\u00f3 el problema creciente del narcotr\u00e1fico a las relaciones que se dan entre la pol\u00edtica, la polic\u00eda y el delito. \u00abTanto la pol\u00edtica como el narcotr\u00e1fico son actividades territoriales y por lo tanto se corre el riesgo de cooptaci\u00f3n de actores pol\u00edticos por bandas mafiosas. El intercambio que se realiza es el dinero a cambio de protecci\u00f3n policial, judicial y pol\u00edtica\u00bb. \u00abEl principal desaf\u00edo en materia de seguridad en la Argentina es la compra de protecci\u00f3n estatal por parte de bandas de narcotraficantes\u00bb, agreg\u00f3 Fohrig.<\/span><span style=\"line-height: 1.3em;\">Estuvieron presenciando la charla los diputados Javier Gentilini (PSur), H\u00e9ctor Huici, Christian Bauab, Victoria Morales Gorleri y el diputado nacional Federico Pinedo (PRO).<\/span><\/p>\n<p>Foto : El diputado Iv\u00e1n Petrella (PRO) organiz\u00f3 el debate sobre el narcotr\u00e1fico<\/p>\n","protected":false},"excerpt":{"rendered":"<p>El legislador Ivan Petrella de PRO ,recibi\u00f3 En el \u00a0sal\u00f3n Presidente Per\u00f3n de la Legislatura al ex Jefe de la Polic\u00eda Metropolitana, Eugenio Burzaco y al Profesor en Ciencias Pol\u00edticas, Alberto Fohrig invitados por el el legislador Petrella (PRO) a debatir sobre narcotr\u00e1fico. En ese contexto se abordaron cuestiones vinculadas a las capacidades con que [&hellip;]<\/p>\n","protected":false},"author":2,"featured_media":22883,"comment_status":"open","ping_status":"open","sticky":false,"template":"","format":"standard","meta":{"_et_pb_use_builder":"","_et_pb_old_content":"","_et_gb_content_width":"","footnotes":""},"categories":[11,44],"tags":[],"class_list":["post-22882","post","type-post","status-publish","format-standard","has-post-thumbnail","hentry","category-ciudad","category-funcionarios-de-la-caba"],"_links":{"self":[{"href":"https:\/\/vocesdebaires.com.ar\/index.php\/wp-json\/wp\/v2\/posts\/22882"}],"collection":[{"href":"https:\/\/vocesdebaires.com.ar\/index.php\/wp-json\/wp\/v2\/posts"}],"about":[{"href":"https:\/\/vocesdebaires.com.ar\/index.php\/wp-json\/wp\/v2\/types\/post"}],"author":[{"embeddable":true,"href":"https:\/\/vocesdebaires.com.ar\/index.php\/wp-json\/wp\/v2\/users\/2"}],"replies":[{"embeddable":true,"href":"https:\/\/vocesdebaires.com.ar\/index.php\/wp-json\/wp\/v2\/comments?post=22882"}],"version-history":[{"count":0,"href":"https:\/\/vocesdebaires.com.ar\/index.php\/wp-json\/wp\/v2\/posts\/22882\/revisions"}],"wp:featuredmedia":[{"embeddable":true,"href":"https:\/\/vocesdebaires.com.ar\/index.php\/wp-json\/wp\/v2\/media\/22883"}],"wp:attachment":[{"href":"https:\/\/vocesdebaires.com.ar\/index.php\/wp-json\/wp\/v2\/media?parent=22882"}],"wp:term":[{"taxonomy":"category","embeddable":true,"href":"https:\/\/vocesdebaires.com.ar\/index.php\/wp-json\/wp\/v2\/categories?post=22882"},{"taxonomy":"post_tag","embeddable":true,"href":"https:\/\/vocesdebaires.com.ar\/index.php\/wp-json\/wp\/v2\/tags?post=22882"}],"curies":[{"name":"wp","href":"https:\/\/api.w.org\/{rel}","templated":true}]}}