{"id":22892,"date":"2014-04-03T13:23:14","date_gmt":"2014-04-03T16:23:14","guid":{"rendered":"http:\/\/vocesdebaires.com.ar\/wordpress\/index.php\/2014\/04\/03\/las-posturas-de-zaffaroninos-han-hecho-mucho-dano\/"},"modified":"2014-04-03T13:23:14","modified_gmt":"2014-04-03T16:23:14","slug":"las-posturas-de-zaffaroninos-han-hecho-mucho-dano","status":"publish","type":"post","link":"https:\/\/vocesdebaires.com.ar\/index.php\/2014\/04\/03\/las-posturas-de-zaffaroninos-han-hecho-mucho-dano\/","title":{"rendered":"Las posturas de Zaffaroni,\u201cnos han hecho mucho da\u00f1o\u201d"},"content":{"rendered":"<p><span style=\"line-height: 1.3em;\">El jefe de Gobierno porte\u00f1o, Mauricio Macri, advirti\u00f3 que \u201cla Argentina se est\u00e1 saliendo de madre\u201d con la inseguridad; critic\u00f3 la posici\u00f3n de la Presidenta, y asegur\u00f3 que las posturas del juez de la Corte Suprema, Eugenio Zaffaroni, \u201cnos han hecho mucho da\u00f1o\u201d.<\/span><span style=\"line-height: 1.3em;\">Macri dijo que Cristina \u201cva y viene\u201d con sus declaraciones sobre la inseguridad, y resalt\u00f3 que \u201cfue poco feliz\u201d su comparaci\u00f3n entre los linchamientos a ladrones con \u201cla noche de los cristales rotos\u201d, un ataque de nazis a negocios jud\u00edos en la Alemania de 1938. \u201cNo tiene nada que ver con esto. Ac\u00e1 nadie sale a la calle a perseguir gente, la gente reacciona equivocadamente frente a un agresor\u201d, indic\u00f3.<\/span><\/p>\n<p><span style=\"line-height: 1.3em;\">En declaraciones a radio Mitre, Macri destac\u00f3: \u201cNoto que la Presidenta va y viene. Tiene comentarios que van rumbo a restablecer la ley y el respeto por ella, y hay momentos en los que vuelve a sesgarse hacia otro lado\u201d.<\/span><span style=\"line-height: 1.3em;\">\u201cTenemos que terminar con esta \u00e9poca de improvisaci\u00f3n y de estar en manos de los mismos, que nos tratan como si fu\u00e9semos espectadores pasivos de un espect\u00e1culo que ellos conducen. Es nuestra vida, es nuestro futuro, y la Argentina se est\u00e1 saliendo de madre con todo lo que est\u00e1 pasando en t\u00e9rminos de inseguridad, en t\u00e9rminos de falta de respeto\u201d, consider\u00f3.<\/span><\/p>\n<p><span style=\"line-height: 1.3em;\">Reiter\u00f3 que \u201clas cosas que plantea Zaffaroni nos han hecho mucho da\u00f1o. Que una y otra vez aquel que comete un delito vuelva a la calle sin que la justicia act\u00fae, tiene que ver con esa ideolog\u00eda mal llamada garantismo, que no sirve\u201d.<\/span><\/p>\n","protected":false},"excerpt":{"rendered":"<p>El jefe de Gobierno porte\u00f1o, Mauricio Macri, advirti\u00f3 que \u201cla Argentina se est\u00e1 saliendo de madre\u201d con la inseguridad; critic\u00f3 la posici\u00f3n de la Presidenta, y asegur\u00f3 que las posturas del juez de la Corte Suprema, Eugenio Zaffaroni, \u201cnos han hecho mucho da\u00f1o\u201d.Macri dijo que Cristina \u201cva y viene\u201d con sus declaraciones sobre la inseguridad, [&hellip;]<\/p>\n","protected":false},"author":2,"featured_media":22587,"comment_status":"open","ping_status":"open","sticky":false,"template":"","format":"standard","meta":{"_et_pb_use_builder":"","_et_pb_old_content":"","_et_gb_content_width":"","footnotes":""},"categories":[11,44],"tags":[],"class_list":["post-22892","post","type-post","status-publish","format-standard","has-post-thumbnail","hentry","category-ciudad","category-funcionarios-de-la-caba"],"_links":{"self":[{"href":"https:\/\/vocesdebaires.com.ar\/index.php\/wp-json\/wp\/v2\/posts\/22892"}],"collection":[{"href":"https:\/\/vocesdebaires.com.ar\/index.php\/wp-json\/wp\/v2\/posts"}],"about":[{"href":"https:\/\/vocesdebaires.com.ar\/index.php\/wp-json\/wp\/v2\/types\/post"}],"author":[{"embeddable":true,"href":"https:\/\/vocesdebaires.com.ar\/index.php\/wp-json\/wp\/v2\/users\/2"}],"replies":[{"embeddable":true,"href":"https:\/\/vocesdebaires.com.ar\/index.php\/wp-json\/wp\/v2\/comments?post=22892"}],"version-history":[{"count":0,"href":"https:\/\/vocesdebaires.com.ar\/index.php\/wp-json\/wp\/v2\/posts\/22892\/revisions"}],"wp:featuredmedia":[{"embeddable":true,"href":"https:\/\/vocesdebaires.com.ar\/index.php\/wp-json\/wp\/v2\/media\/22587"}],"wp:attachment":[{"href":"https:\/\/vocesdebaires.com.ar\/index.php\/wp-json\/wp\/v2\/media?parent=22892"}],"wp:term":[{"taxonomy":"category","embeddable":true,"href":"https:\/\/vocesdebaires.com.ar\/index.php\/wp-json\/wp\/v2\/categories?post=22892"},{"taxonomy":"post_tag","embeddable":true,"href":"https:\/\/vocesdebaires.com.ar\/index.php\/wp-json\/wp\/v2\/tags?post=22892"}],"curies":[{"name":"wp","href":"https:\/\/api.w.org\/{rel}","templated":true}]}}