{"id":22965,"date":"2014-04-10T15:36:41","date_gmt":"2014-04-10T18:36:41","guid":{"rendered":"http:\/\/vocesdebaires.com.ar\/wordpress\/index.php\/2014\/04\/10\/paro-de-los-trabajadores-hizo-caer-la-sesion-ordinaria\/"},"modified":"2014-04-10T15:36:41","modified_gmt":"2014-04-10T18:36:41","slug":"paro-de-los-trabajadores-hizo-caer-la-sesion-ordinaria","status":"publish","type":"post","link":"https:\/\/vocesdebaires.com.ar\/index.php\/2014\/04\/10\/paro-de-los-trabajadores-hizo-caer-la-sesion-ordinaria\/","title":{"rendered":"Paro de los trabajadores hizo caer la sesi\u00f3n ordinaria"},"content":{"rendered":"<p>C\u00f3nclave entre los legisladores de la oposici\u00f3n y la jefa del bloque PRO legisladora Carmen Polledo , no se realizo la sesi\u00f3n ordinaria por el paro de los trabajadores .<\/p>\n","protected":false},"excerpt":{"rendered":"<p>C\u00f3nclave entre los legisladores de la oposici\u00f3n y la jefa del bloque PRO legisladora Carmen Polledo , no se realizo la sesi\u00f3n ordinaria por el paro de los trabajadores .<\/p>\n","protected":false},"author":2,"featured_media":22966,"comment_status":"open","ping_status":"open","sticky":false,"template":"","format":"standard","meta":{"_et_pb_use_builder":"","_et_pb_old_content":"","_et_gb_content_width":"","footnotes":""},"categories":[11,44],"tags":[],"class_list":["post-22965","post","type-post","status-publish","format-standard","has-post-thumbnail","hentry","category-ciudad","category-funcionarios-de-la-caba"],"_links":{"self":[{"href":"https:\/\/vocesdebaires.com.ar\/index.php\/wp-json\/wp\/v2\/posts\/22965"}],"collection":[{"href":"https:\/\/vocesdebaires.com.ar\/index.php\/wp-json\/wp\/v2\/posts"}],"about":[{"href":"https:\/\/vocesdebaires.com.ar\/index.php\/wp-json\/wp\/v2\/types\/post"}],"author":[{"embeddable":true,"href":"https:\/\/vocesdebaires.com.ar\/index.php\/wp-json\/wp\/v2\/users\/2"}],"replies":[{"embeddable":true,"href":"https:\/\/vocesdebaires.com.ar\/index.php\/wp-json\/wp\/v2\/comments?post=22965"}],"version-history":[{"count":0,"href":"https:\/\/vocesdebaires.com.ar\/index.php\/wp-json\/wp\/v2\/posts\/22965\/revisions"}],"wp:featuredmedia":[{"embeddable":true,"href":"https:\/\/vocesdebaires.com.ar\/index.php\/wp-json\/wp\/v2\/media\/22966"}],"wp:attachment":[{"href":"https:\/\/vocesdebaires.com.ar\/index.php\/wp-json\/wp\/v2\/media?parent=22965"}],"wp:term":[{"taxonomy":"category","embeddable":true,"href":"https:\/\/vocesdebaires.com.ar\/index.php\/wp-json\/wp\/v2\/categories?post=22965"},{"taxonomy":"post_tag","embeddable":true,"href":"https:\/\/vocesdebaires.com.ar\/index.php\/wp-json\/wp\/v2\/tags?post=22965"}],"curies":[{"name":"wp","href":"https:\/\/api.w.org\/{rel}","templated":true}]}}