{"id":22981,"date":"2014-04-14T12:57:18","date_gmt":"2014-04-14T15:57:18","guid":{"rendered":"http:\/\/vocesdebaires.com.ar\/wordpress\/index.php\/2014\/04\/14\/legislatura-landriscina-es-ciudadano-ilustre-de-la-ciudad\/"},"modified":"2014-04-14T12:57:18","modified_gmt":"2014-04-14T15:57:18","slug":"legislatura-landriscina-es-ciudadano-ilustre-de-la-ciudad","status":"publish","type":"post","link":"https:\/\/vocesdebaires.com.ar\/index.php\/2014\/04\/14\/legislatura-landriscina-es-ciudadano-ilustre-de-la-ciudad\/","title":{"rendered":"Legislatura :Landriscina es Ciudadano Ilustre de la Ciudad"},"content":{"rendered":"<p><span style=\"line-height: 1.3em;\">Es un placer reconocer a un hombre excepcional que tuvo una destacada carrera art\u00edstica y nos hizo re\u00edr y llorar. La ciudad debe agradecerle a Luis todo lo que le dio y es importante resaltar que la pluralidad pol\u00edtica coincidi\u00f3 en este homenaje\u00bb, expres\u00f3 el Vicepresidente I de la Legislatura, diputado Cristian Ritondo (PRO) en sus palabras de bienvenida.<\/span><span style=\"line-height: 1.3em;\">La coautora del proyecto, diputada L\u00eda Rueda (PRO), realiz\u00f3 un repaso por la biograf\u00eda del humorista y lo felicit\u00f3 por sus grandes logros. Tambi\u00e9n le brind\u00f3 sus palabras el director de radio \u00abLa folckl\u00f3rica\u00bb, Marcelo Sim\u00f3n, quien se mostr\u00f3 muy a gusto con la distinci\u00f3n que recibi\u00f3 Landriscina.<\/span><\/p>\n<p><span style=\"line-height: 1.3em;\">Luego de la entrega de la medalla que distingue como Ciudadano Ilustre al actor, el mismo agradeci\u00f3 a quienes aprobaron el proyecto, a su familia y amigos frente a un sal\u00f3n colmado de personas. Adem\u00e1s, record\u00f3 especialmente a su amigo Ren\u00e9 Favaloro y se mostr\u00f3 muy agradecido con los cinco integrantes de Les Luthiers que se encontraban en el acto. Luego de contar algunas an\u00e9cdotas de su vida destac\u00f3 que fue un \u00abhomenaje important\u00edsimo\u00bb el que recibi\u00f3 en el d\u00eda de la fecha.<\/span><span style=\"line-height: 1.3em;\">En la ceremonia estuvieron presentes autoridades, ministros, diputados\/as y funcionarios de la Ciudad de Buenos Aires, otros ya homenajeados ciudadanos ilustres, familiares y amigos del actor. <\/span><\/p>\n<p><span style=\"line-height: 1.3em;\">Trayectoria<\/span><\/p>\n<p><span style=\"line-height: 1.3em;\">Landriscina es humorista, cuentista, recitador y un actor que supo recuperar y transmitir con simpat\u00eda y respeto las costumbres regionales del interior de la Argentina y del R\u00edo de la Plata. Durante su carrera ha grabado m\u00e1s de 52 discos, escribi\u00f3 numerosos libros como Con gusto a Chaco, Mis Versos, Aqu\u00ed me pongo a contar I y Aqu\u00ed me pongo a contar II, Los cuentos de Don Ver\u00eddico, donde puso por escrito sus tan queridos cuentos y experiencias en el interior del pa\u00eds. <\/span><\/p>\n<p><span style=\"line-height: 1.3em;\">Reconocido nacional e internacionalmente, Landriscina ha recibido dos veces el premio Prensario, seis veces el Santa Clara de As\u00eds \u2013en 2001 recibi\u00f3 el Santa Clara de As\u00eds Oro-, tres veces el premio Estrella de mar, cinco veces el Broadcasting; y en 1981 fue reconocido con el Premio Konex Diploma al M\u00e9rito como Actor C\u00f3mico. Cabe destacar que el actor gan\u00f3 dos Mart\u00edn Fierro: en 1995 por su programa de radio \u201cMateando con Landriscina\u201d y en 1999 por el programa \u201cLandriscina Mano a Mano con el Campo\u201d. Adem\u00e1s, obtuvo varias distinciones de Argentores e innumerables reconocimientos en todo el pa\u00eds y a nivel internacional.<\/span><\/p>\n<p>Foto : El actor recibi\u00f3 el diploma de distinci\u00f3n a manos de los diputados Ritondo, Rueda y Quattromano (PRO)<\/p>\n","protected":false},"excerpt":{"rendered":"<p>Es un placer reconocer a un hombre excepcional que tuvo una destacada carrera art\u00edstica y nos hizo re\u00edr y llorar. La ciudad debe agradecerle a Luis todo lo que le dio y es importante resaltar que la pluralidad pol\u00edtica coincidi\u00f3 en este homenaje\u00bb, expres\u00f3 el Vicepresidente I de la Legislatura, diputado Cristian Ritondo (PRO) en [&hellip;]<\/p>\n","protected":false},"author":2,"featured_media":22982,"comment_status":"open","ping_status":"open","sticky":false,"template":"","format":"standard","meta":{"_et_pb_use_builder":"","_et_pb_old_content":"","_et_gb_content_width":"","footnotes":""},"categories":[11,44],"tags":[],"class_list":["post-22981","post","type-post","status-publish","format-standard","has-post-thumbnail","hentry","category-ciudad","category-funcionarios-de-la-caba"],"_links":{"self":[{"href":"https:\/\/vocesdebaires.com.ar\/index.php\/wp-json\/wp\/v2\/posts\/22981"}],"collection":[{"href":"https:\/\/vocesdebaires.com.ar\/index.php\/wp-json\/wp\/v2\/posts"}],"about":[{"href":"https:\/\/vocesdebaires.com.ar\/index.php\/wp-json\/wp\/v2\/types\/post"}],"author":[{"embeddable":true,"href":"https:\/\/vocesdebaires.com.ar\/index.php\/wp-json\/wp\/v2\/users\/2"}],"replies":[{"embeddable":true,"href":"https:\/\/vocesdebaires.com.ar\/index.php\/wp-json\/wp\/v2\/comments?post=22981"}],"version-history":[{"count":0,"href":"https:\/\/vocesdebaires.com.ar\/index.php\/wp-json\/wp\/v2\/posts\/22981\/revisions"}],"wp:featuredmedia":[{"embeddable":true,"href":"https:\/\/vocesdebaires.com.ar\/index.php\/wp-json\/wp\/v2\/media\/22982"}],"wp:attachment":[{"href":"https:\/\/vocesdebaires.com.ar\/index.php\/wp-json\/wp\/v2\/media?parent=22981"}],"wp:term":[{"taxonomy":"category","embeddable":true,"href":"https:\/\/vocesdebaires.com.ar\/index.php\/wp-json\/wp\/v2\/categories?post=22981"},{"taxonomy":"post_tag","embeddable":true,"href":"https:\/\/vocesdebaires.com.ar\/index.php\/wp-json\/wp\/v2\/tags?post=22981"}],"curies":[{"name":"wp","href":"https:\/\/api.w.org\/{rel}","templated":true}]}}