{"id":22985,"date":"2014-04-14T13:24:59","date_gmt":"2014-04-14T16:24:59","guid":{"rendered":"http:\/\/vocesdebaires.com.ar\/wordpress\/index.php\/2014\/04\/14\/vidal-los-vecinos-estan-hartos-de-que-les-mientan\/"},"modified":"2014-04-14T13:24:59","modified_gmt":"2014-04-14T16:24:59","slug":"vidal-los-vecinos-estan-hartos-de-que-les-mientan","status":"publish","type":"post","link":"https:\/\/vocesdebaires.com.ar\/index.php\/2014\/04\/14\/vidal-los-vecinos-estan-hartos-de-que-les-mientan\/","title":{"rendered":"Vidal: Los vecinos est\u00e1n hartos de que les mientan"},"content":{"rendered":"<p><span style=\"line-height: 1.3em;\">La referente del PRO bonaerense, Mar\u00eda Eugenia Vidal, afirm\u00f3 que \u00abhay un hartazgo de la gente hacia una forma de gobernar\u00bb, y sostuvo que el espacio que conduce Mauricio Macri \u00abes la alternativa, lo diferente y lo que viene a romper con el sistema\u00bb.<\/span><span style=\"line-height: 1.3em;\">Durante una recorrida por Z\u00e1rate, dijo que \u00aba los vecinos que est\u00e1n cansados de la pol\u00edtica, hartos de que les mientan, les vamos a presentar una opci\u00f3n distinta para cambiar\u00bb.<\/span><\/p>\n<p><span style=\"line-height: 1.3em;\">\u00abTenemos que mostrarle a la gente que somos la alternativa, lo diferente y lo que viene a romper con el sistema. Cuando la gente encuentre eso, nos va a votar\u00bb, destac\u00f3 durante una visita que realiz\u00f3 a un taller protegido e integra a personas con discapacidad.<\/span><\/p>\n<p><span style=\"line-height: 1.3em;\">Acompa\u00f1ada por el referente local del macrismo Gustavo Mor\u00e1n, Vidal remarc\u00f3 que \u00abMauricio Macri es el \u00fanico candidato dispuesto a hacer lo que hay que hacer para tener la Argentina so\u00f1ada. Tenemos la oportunidad de cambiar y lo vamos a hacer\u00bb.<\/span><span style=\"line-height: 1.3em;\">Tras la recorrida por Z\u00e1rate, Vidal visitar\u00e1 la ciudad de Campana junto al concejal macrista Sebasti\u00e1n Abella. Ma\u00f1ana, en tanto, participar\u00e1 en Dorrego de la Fiesta del Olivo y mantendr\u00e1 un encuentro con el intendente radical Fabi\u00e1n Zorzano.<\/span><\/p>\n","protected":false},"excerpt":{"rendered":"<p>La referente del PRO bonaerense, Mar\u00eda Eugenia Vidal, afirm\u00f3 que \u00abhay un hartazgo de la gente hacia una forma de gobernar\u00bb, y sostuvo que el espacio que conduce Mauricio Macri \u00abes la alternativa, lo diferente y lo que viene a romper con el sistema\u00bb.Durante una recorrida por Z\u00e1rate, dijo que \u00aba los vecinos que est\u00e1n [&hellip;]<\/p>\n","protected":false},"author":2,"featured_media":22986,"comment_status":"open","ping_status":"open","sticky":false,"template":"","format":"standard","meta":{"_et_pb_use_builder":"","_et_pb_old_content":"","_et_gb_content_width":"","footnotes":""},"categories":[11,44],"tags":[],"class_list":["post-22985","post","type-post","status-publish","format-standard","has-post-thumbnail","hentry","category-ciudad","category-funcionarios-de-la-caba"],"_links":{"self":[{"href":"https:\/\/vocesdebaires.com.ar\/index.php\/wp-json\/wp\/v2\/posts\/22985"}],"collection":[{"href":"https:\/\/vocesdebaires.com.ar\/index.php\/wp-json\/wp\/v2\/posts"}],"about":[{"href":"https:\/\/vocesdebaires.com.ar\/index.php\/wp-json\/wp\/v2\/types\/post"}],"author":[{"embeddable":true,"href":"https:\/\/vocesdebaires.com.ar\/index.php\/wp-json\/wp\/v2\/users\/2"}],"replies":[{"embeddable":true,"href":"https:\/\/vocesdebaires.com.ar\/index.php\/wp-json\/wp\/v2\/comments?post=22985"}],"version-history":[{"count":0,"href":"https:\/\/vocesdebaires.com.ar\/index.php\/wp-json\/wp\/v2\/posts\/22985\/revisions"}],"wp:featuredmedia":[{"embeddable":true,"href":"https:\/\/vocesdebaires.com.ar\/index.php\/wp-json\/wp\/v2\/media\/22986"}],"wp:attachment":[{"href":"https:\/\/vocesdebaires.com.ar\/index.php\/wp-json\/wp\/v2\/media?parent=22985"}],"wp:term":[{"taxonomy":"category","embeddable":true,"href":"https:\/\/vocesdebaires.com.ar\/index.php\/wp-json\/wp\/v2\/categories?post=22985"},{"taxonomy":"post_tag","embeddable":true,"href":"https:\/\/vocesdebaires.com.ar\/index.php\/wp-json\/wp\/v2\/tags?post=22985"}],"curies":[{"name":"wp","href":"https:\/\/api.w.org\/{rel}","templated":true}]}}