{"id":23000,"date":"2014-04-16T19:55:21","date_gmt":"2014-04-16T22:55:21","guid":{"rendered":"http:\/\/vocesdebaires.com.ar\/wordpress\/index.php\/2014\/04\/16\/narcotraficante-combate-con-acciones-concretas-en-el-territorio\/"},"modified":"2014-04-16T19:55:21","modified_gmt":"2014-04-16T22:55:21","slug":"narcotraficante-combate-con-acciones-concretas-en-el-territorio","status":"publish","type":"post","link":"https:\/\/vocesdebaires.com.ar\/index.php\/2014\/04\/16\/narcotraficante-combate-con-acciones-concretas-en-el-territorio\/","title":{"rendered":"Narcotraficante : combate con acciones concretas  en el territorio"},"content":{"rendered":"<p><span style=\"line-height: 1.3em;\">La diputada porte\u00f1a del Frente Para La Victoria, Lorena Pokoik, miembro de la Comisi\u00f3n de Seguridad de \u00a0 la Legislatura de la CABA elogi\u00f3 el operativo realizado bajo la conducci\u00f3n del Secretario de Seguridad Sergio Berni en la Provincia de Santa Fe.<\/span><\/p>\n<p><span style=\"line-height: 1.3em;\">\u00abEl \u00e9xito del operativo demuestra que mientras algunos dirigentes pol\u00edticos improvisan sobre el tema en los medios de comunicaci\u00f3n, el Gobierno Nacional, como dice nuestra Presidenta, se hace cargo de los problemas en el lugar donde verdaderamente se presentan\u00bb, expres\u00f3 la Diputada. <\/span><\/p>\n<p><span style=\"line-height: 1.3em;\">Adem\u00e1s agrego que \u00ablas acciones del Ministerio de Seguridad en el cord\u00f3n sur de la Ciudad de Buenos Aires, como siempre lo destaca el Secretario Sergio Berni, han logrado mitigar la proliferaci\u00f3n del narcotr\u00e1fico y del delito con la presencia preventiva de las Fuerzas Federales de Seguridad\u00bb. <\/span><\/p>\n","protected":false},"excerpt":{"rendered":"<p>La diputada porte\u00f1a del Frente Para La Victoria, Lorena Pokoik, miembro de la Comisi\u00f3n de Seguridad de \u00a0 la Legislatura de la CABA elogi\u00f3 el operativo realizado bajo la conducci\u00f3n del Secretario de Seguridad Sergio Berni en la Provincia de Santa Fe. \u00abEl \u00e9xito del operativo demuestra que mientras algunos dirigentes pol\u00edticos improvisan sobre el [&hellip;]<\/p>\n","protected":false},"author":2,"featured_media":22411,"comment_status":"open","ping_status":"open","sticky":false,"template":"","format":"standard","meta":{"_et_pb_use_builder":"","_et_pb_old_content":"","_et_gb_content_width":"","footnotes":""},"categories":[11,44],"tags":[],"class_list":["post-23000","post","type-post","status-publish","format-standard","has-post-thumbnail","hentry","category-ciudad","category-funcionarios-de-la-caba"],"_links":{"self":[{"href":"https:\/\/vocesdebaires.com.ar\/index.php\/wp-json\/wp\/v2\/posts\/23000"}],"collection":[{"href":"https:\/\/vocesdebaires.com.ar\/index.php\/wp-json\/wp\/v2\/posts"}],"about":[{"href":"https:\/\/vocesdebaires.com.ar\/index.php\/wp-json\/wp\/v2\/types\/post"}],"author":[{"embeddable":true,"href":"https:\/\/vocesdebaires.com.ar\/index.php\/wp-json\/wp\/v2\/users\/2"}],"replies":[{"embeddable":true,"href":"https:\/\/vocesdebaires.com.ar\/index.php\/wp-json\/wp\/v2\/comments?post=23000"}],"version-history":[{"count":0,"href":"https:\/\/vocesdebaires.com.ar\/index.php\/wp-json\/wp\/v2\/posts\/23000\/revisions"}],"wp:featuredmedia":[{"embeddable":true,"href":"https:\/\/vocesdebaires.com.ar\/index.php\/wp-json\/wp\/v2\/media\/22411"}],"wp:attachment":[{"href":"https:\/\/vocesdebaires.com.ar\/index.php\/wp-json\/wp\/v2\/media?parent=23000"}],"wp:term":[{"taxonomy":"category","embeddable":true,"href":"https:\/\/vocesdebaires.com.ar\/index.php\/wp-json\/wp\/v2\/categories?post=23000"},{"taxonomy":"post_tag","embeddable":true,"href":"https:\/\/vocesdebaires.com.ar\/index.php\/wp-json\/wp\/v2\/tags?post=23000"}],"curies":[{"name":"wp","href":"https:\/\/api.w.org\/{rel}","templated":true}]}}