{"id":23018,"date":"2014-04-17T16:58:03","date_gmt":"2014-04-17T19:58:03","guid":{"rendered":"http:\/\/vocesdebaires.com.ar\/wordpress\/index.php\/2014\/04\/17\/el-espanol-rafael-louzan-abal-es-huesped-de-honor\/"},"modified":"2014-04-17T16:58:03","modified_gmt":"2014-04-17T19:58:03","slug":"el-espanol-rafael-louzan-abal-es-huesped-de-honor","status":"publish","type":"post","link":"https:\/\/vocesdebaires.com.ar\/index.php\/2014\/04\/17\/el-espanol-rafael-louzan-abal-es-huesped-de-honor\/","title":{"rendered":"El espa\u00f1ol Rafael Louz\u00e1n Abal es Hu\u00e9sped de Honor"},"content":{"rendered":"<p><span style=\"line-height: 1.3em;\">El funcionario espa\u00f1ol Rafael Louz\u00e1n Abal fue homenajeado por su destacada trayectoria debido a una iniciativa del diputado del bloque PRO, Daniel Lipovetzky, en representaci\u00f3n del legislador Daniel Presti. La medalla y el diploma de Hu\u00e9sped de Honor le fueron entregados en el Sal\u00f3n Eva Per\u00f3n del Palacio Legislativo.<\/span><\/p>\n<p><span style=\"line-height: 1.3em;\">\u00abEstoy muy agradecido por esta distinci\u00f3n que no es m\u00eda sino de todos los presentes y de la colectividad espa\u00f1ola. Agradezco a la Argentina por haberle dado siempre a los habitantes de Galicia un lugar para vivir, y estoy dispuesto a brindar toda mi colaboraci\u00f3n para llevar a cabo proyectos en conjunto con la Ciudad de Buenos Aires y Pontevedra\u00bb, expres\u00f3 el Presidente de la Diputaci\u00f3n de Pontevedra, Louz\u00e1n Abal.<\/span><\/p>\n<p><span style=\"line-height: 1.3em;\">Por su parte, el diputado Daniel Lipovetzky (PRO) asegur\u00f3 que el homenajeado \u00abes una persona con gran trayectoria pol\u00edtica en Espa\u00f1a e interesado en los v\u00ednculos con Argentina\u00bb. Tambi\u00e9n remarc\u00f3 que es importante trabajar para fortalecer las relaciones entre las dos ciudades debido a la gran colectividad de espa\u00f1oles que se encuentran viviendo en el pa\u00eds, y que eso fomentar\u00e1 su estad\u00eda aqu\u00ed. \u00abLa declarici\u00f3n que lo distingue a Louz\u00e1n Abal fue apoyada por todos los bloques del Cuerpo Legislativo de la Ciudad, lo que demuestra que no importa la pertenencia pol\u00edtica sino el trabajo que se hace conjuntamente\u00bb, finaliz\u00f3 el legislador.<\/span><\/p>\n<p><span style=\"line-height: 1.3em;\">M\u00e1s tarde se realiz\u00f3 la entrega de presentes y obsequios entre los funcionarios. Estuvieron presentes el Consejero de Educaci\u00f3n, Cultura y Deporte de la Embajada de Espa\u00f1a en Argentina, Francisco Moldes Font\u00e1n y uno de los miembros de la Comuna 14 de la Ciudad de Buenos Aires, Mar\u00eda Amelia Alonso. Tambi\u00e9n presenciaron la ceremonia familiares y amigos del homenajeado.<\/span><\/p>\n<p><span style=\"line-height: 1.3em;\">Antecedentes profesionales<\/span><\/p>\n<p><span style=\"line-height: 1.3em;\">Rafael Louz\u00e1n Abal fue elegido en 1995 diputado provincial de la Excelent\u00edsima Diputaci\u00f3n Provincial de Pontevedra en representaci\u00f3n de la comarca del Saln\u00e9s y s\u00f3lo un a\u00f1o m\u00e1s tarde, es nombrado vicepresidente de la Diputaci\u00f3n Provincial de Pontevedra. Fue presidente provincial de la Secretar\u00eda de Organizaci\u00f3n del Partido Popular Provincial en Pontevedra y presidente de la Diputaci\u00f3n Provincial de Pontevedra. Asimismo, fue la primera persona que repiti\u00f3 el cargo al frente del organismo provincial por tercera vez consecutiva.<\/span><\/p>\n<p><span style=\"line-height: 1.3em;\">Louz\u00e1n desempe\u00f1a tambi\u00e9n, desde 2012, el cargo de presidente de la Comisi\u00f3n de Medio Ambiente de la FEMP, un campo que le resulta especialmente atractivo dada su pasi\u00f3n por la naturaleza y compromiso con la sustentabilidad, aspecto en el que se ha volcado tambi\u00e9n desde la Diputaci\u00f3n de Pontevedra, con una fuerte apuesta por temas como la gesti\u00f3n de los residuos, la recuperaci\u00f3n de sendas naturales o el cuidado y preservaci\u00f3n de espacios p\u00fablicos.<\/span><\/p>\n<p>Foto : \u00a0De izq. a der., Francisco Moldes Font\u00e1n, Rafael Louz\u00e1n Abal, Daniel Lipovetky \u00a0y Mar\u00eda Amelia Alonso<\/p>\n","protected":false},"excerpt":{"rendered":"<p>El funcionario espa\u00f1ol Rafael Louz\u00e1n Abal fue homenajeado por su destacada trayectoria debido a una iniciativa del diputado del bloque PRO, Daniel Lipovetzky, en representaci\u00f3n del legislador Daniel Presti. La medalla y el diploma de Hu\u00e9sped de Honor le fueron entregados en el Sal\u00f3n Eva Per\u00f3n del Palacio Legislativo. \u00abEstoy muy agradecido por esta distinci\u00f3n [&hellip;]<\/p>\n","protected":false},"author":2,"featured_media":23019,"comment_status":"open","ping_status":"open","sticky":false,"template":"","format":"standard","meta":{"_et_pb_use_builder":"","_et_pb_old_content":"","_et_gb_content_width":"","footnotes":""},"categories":[11,44],"tags":[],"class_list":["post-23018","post","type-post","status-publish","format-standard","has-post-thumbnail","hentry","category-ciudad","category-funcionarios-de-la-caba"],"_links":{"self":[{"href":"https:\/\/vocesdebaires.com.ar\/index.php\/wp-json\/wp\/v2\/posts\/23018"}],"collection":[{"href":"https:\/\/vocesdebaires.com.ar\/index.php\/wp-json\/wp\/v2\/posts"}],"about":[{"href":"https:\/\/vocesdebaires.com.ar\/index.php\/wp-json\/wp\/v2\/types\/post"}],"author":[{"embeddable":true,"href":"https:\/\/vocesdebaires.com.ar\/index.php\/wp-json\/wp\/v2\/users\/2"}],"replies":[{"embeddable":true,"href":"https:\/\/vocesdebaires.com.ar\/index.php\/wp-json\/wp\/v2\/comments?post=23018"}],"version-history":[{"count":0,"href":"https:\/\/vocesdebaires.com.ar\/index.php\/wp-json\/wp\/v2\/posts\/23018\/revisions"}],"wp:featuredmedia":[{"embeddable":true,"href":"https:\/\/vocesdebaires.com.ar\/index.php\/wp-json\/wp\/v2\/media\/23019"}],"wp:attachment":[{"href":"https:\/\/vocesdebaires.com.ar\/index.php\/wp-json\/wp\/v2\/media?parent=23018"}],"wp:term":[{"taxonomy":"category","embeddable":true,"href":"https:\/\/vocesdebaires.com.ar\/index.php\/wp-json\/wp\/v2\/categories?post=23018"},{"taxonomy":"post_tag","embeddable":true,"href":"https:\/\/vocesdebaires.com.ar\/index.php\/wp-json\/wp\/v2\/tags?post=23018"}],"curies":[{"name":"wp","href":"https:\/\/api.w.org\/{rel}","templated":true}]}}