{"id":2302,"date":"2020-05-01T03:00:00","date_gmt":"2020-05-01T06:00:00","guid":{"rendered":"http:\/\/vocesdebaires.com.ar\/wordpress\/index.php\/2020\/05\/01\/campana-de-comunicacion-en-barrios-populares\/"},"modified":"2020-05-01T03:00:00","modified_gmt":"2020-05-01T06:00:00","slug":"campana-de-comunicacion-en-barrios-populares","status":"publish","type":"post","link":"https:\/\/vocesdebaires.com.ar\/index.php\/2020\/05\/01\/campana-de-comunicacion-en-barrios-populares\/","title":{"rendered":"Campa\u00f1a de comunicaci\u00f3n en barrios populares"},"content":{"rendered":"<p>\u201cNuestro trabajo es tan importante como el de m\u00e9dicos y enfermeros. Por eso tomamos todas las medidas necesarias para protegernos, como el uso de barbijos o alcohol en gel\u201d, explic\u00f3 Morales quien lidera uno de los equipos territoriales que visitan vivienda por vivienda para la desinfecci\u00f3n de los frentes, calles y pasillos en barrios vulnerables.<\/p>\n<p>Estas actividades de higiene se refuerzan a trav\u00e9s de las tareas de barrido y recolecci\u00f3n de residuos, como en el barrio 31, en donde adem\u00e1s sumaron motos que retiran la basura a domicilio. En paralelo, dado que una de las principales formas de prevenci\u00f3n es estar informado acerca de las posibilidades de contagio y las consecuencias de violar la cuarentena y el aislamiento social, la Ciudad comenz\u00f3 en marzo una campa\u00f1a de comunicaci\u00f3n en barrios populares.<\/p>\n<p>La estrategia de difusi\u00f3n combina una variada gama de opciones: desde estrategias territoriales calle por calle con altoparlantes y meg\u00e1fonos, afiches y pasacalles, hasta el uso de herramientas digitales como redes sociales, el env\u00edo de mensajes por SMS geolocalizados, y mensajes de Whatsapp a vecinos y grupos de cooperativas. Estas estrategias de difusi\u00f3n de las medidas de prevenci\u00f3n se potencian con el apoyo de organizaciones sociales, comedores barriales, jardines, centros de primera infancia y establecimientos religiosos como parroquias, capillas e iglesias evang\u00e9licas, quienes tienen una gran permeabilidad entre los vecinos y las vecinas del barrio.<\/p>\n","protected":false},"excerpt":{"rendered":"<p>\u201cNuestro trabajo es tan importante como el de m\u00e9dicos y enfermeros. Por eso tomamos todas las medidas necesarias para protegernos, como el uso de barbijos o alcohol en gel\u201d, explic\u00f3 Morales quien lidera uno de los equipos territoriales que visitan vivienda por vivienda para la desinfecci\u00f3n de los frentes, calles y pasillos en barrios vulnerables. [&hellip;]<\/p>\n","protected":false},"author":1,"featured_media":2303,"comment_status":"open","ping_status":"open","sticky":false,"template":"","format":"standard","meta":{"_et_pb_use_builder":"","_et_pb_old_content":"","_et_gb_content_width":"","footnotes":""},"categories":[11,32],"tags":[],"class_list":["post-2302","post","type-post","status-publish","format-standard","has-post-thumbnail","hentry","category-ciudad","category-comunas"],"_links":{"self":[{"href":"https:\/\/vocesdebaires.com.ar\/index.php\/wp-json\/wp\/v2\/posts\/2302"}],"collection":[{"href":"https:\/\/vocesdebaires.com.ar\/index.php\/wp-json\/wp\/v2\/posts"}],"about":[{"href":"https:\/\/vocesdebaires.com.ar\/index.php\/wp-json\/wp\/v2\/types\/post"}],"author":[{"embeddable":true,"href":"https:\/\/vocesdebaires.com.ar\/index.php\/wp-json\/wp\/v2\/users\/1"}],"replies":[{"embeddable":true,"href":"https:\/\/vocesdebaires.com.ar\/index.php\/wp-json\/wp\/v2\/comments?post=2302"}],"version-history":[{"count":0,"href":"https:\/\/vocesdebaires.com.ar\/index.php\/wp-json\/wp\/v2\/posts\/2302\/revisions"}],"wp:featuredmedia":[{"embeddable":true,"href":"https:\/\/vocesdebaires.com.ar\/index.php\/wp-json\/wp\/v2\/media\/2303"}],"wp:attachment":[{"href":"https:\/\/vocesdebaires.com.ar\/index.php\/wp-json\/wp\/v2\/media?parent=2302"}],"wp:term":[{"taxonomy":"category","embeddable":true,"href":"https:\/\/vocesdebaires.com.ar\/index.php\/wp-json\/wp\/v2\/categories?post=2302"},{"taxonomy":"post_tag","embeddable":true,"href":"https:\/\/vocesdebaires.com.ar\/index.php\/wp-json\/wp\/v2\/tags?post=2302"}],"curies":[{"name":"wp","href":"https:\/\/api.w.org\/{rel}","templated":true}]}}