{"id":23039,"date":"2014-04-23T12:10:12","date_gmt":"2014-04-23T15:10:12","guid":{"rendered":"http:\/\/vocesdebaires.com.ar\/wordpress\/index.php\/2014\/04\/23\/respaldan-que-plaza-de-palermo-se-llame-republica-de-armenia\/"},"modified":"2014-04-23T12:10:12","modified_gmt":"2014-04-23T15:10:12","slug":"respaldan-que-plaza-de-palermo-se-llame-republica-de-armenia","status":"publish","type":"post","link":"https:\/\/vocesdebaires.com.ar\/index.php\/2014\/04\/23\/respaldan-que-plaza-de-palermo-se-llame-republica-de-armenia\/","title":{"rendered":"Respaldan que plaza de Palermo se llame Rep\u00fablica de Armenia"},"content":{"rendered":"<p><span style=\"line-height: 1.3em;\">En una Audiencia P\u00fablica efectuada ayer por la tarde con miembros de la colectividad armenia residentes en la ciudad de Buenos Aires respaldaron el expediente 3277-D-2012 iniciado por el diputado MC Fernando De Andreis quien propici\u00f3 denominar Plaza Rep\u00fablica de Armenia al espacio p\u00fablico que se encuentra delimitado por las calles Armenia, Nicaragua, Malabia y Costa Rica en el barrio de Palermo. La ley derogar\u00eda la Ordenanza N\u00ba 52.159 por la que dicha plaza recibi\u00f3 el nombre oficial de \u00abPalermo Viejo\u00bb.<\/span><\/p>\n<p>Representantes de la colectividad hicieron uso de la palabra destacando el significativo valor de la nomenclatura a 99 a\u00f1os del genocidio perpetrado por el Estado turco contra el pueblo armenio entre 1915 y 1923. En el auditorio entre otras autoridades estuvo el Primado de la Iglesia Apost\u00f3lica Armenia para Argentina y Chile, arzobispo Isaac Kissag Mouradian. La audiencia que se realiz\u00f3 a partir de las 14 en el Sal\u00f3n \u00abPresidente Per\u00f3n\u00bb del Palacio Legislativo, fue presidida por la diputada L\u00eda Rueda, titular de la Comisi\u00f3n parlamentaria de Cultura; quien fue secundada por sus pares Diana Mart\u00ednez Barrios, Alejandra Caballero, Cecilia de la Torre y Daniel Lipovetzky (PRO).<\/p>\n<p>La iniciativa recuerda, en sus considerandos que la comunidad armenia al igual que muchas otras migraron a nuestro pa\u00eds por circunstancias tr\u00e1gicas. Argentina fue uno de los destinos que recibi\u00f3 y cobij\u00f3 a miles de inmigrantes armenios muchos de ellos refugiados, quienes se establecieron principalmente en la ciudad de Buenos Aires, la mayor parte en el barrio de Palermo. La necesidad de aglutinarse y mantener sus tradiciones, su idioma y su religi\u00f3n los oblig\u00f3 a alquilar peque\u00f1as propiedades donde reunirse, hablar su idioma, apoyarse mutuamente e integrarse en la nueva sociedad. Estos \u00e1mbitos tambi\u00e9n eran propicios para aprender el idioma espa\u00f1ol, imprescindible para aspirar a un empleo o al estudio para, con el tiempo, convertirse en parte activa de su historia y sus ra\u00edces. En Palermo se encuentran establecidas las tradicionales instituciones de la comunidad armenia en l as que desarrolla una intensa actividad social, cultural, educativa, deportiva, religiosa, etc.<\/p>\n<p>Un colegio secundario se denominar\u00e1 Oesterheld<\/p>\n<p>Otra instancia de participaci\u00f3n ciudadana tuvo lugar para analizar una ley que tiene por objetivo imponer al Centro Educativo de Nivel Secundario N\u00ba 44 actualmente sin nomenclatura, el nombre \u00abH\u00e9ctor Germ\u00e1n Oesterheld\u00bb. La diputada MC Delia Bisutti, autora del proyecto, junto a estudiantes y docentes -entre ellos Gustavo Lesbegeris- destacaron la relevancia de la normativa. En este asunto, junto a la diputada L\u00eda Rueda estuvieron Diana Mart\u00ednez Barrios, Alejandra Caballero (PRO), Edgardo Form (NE) y Lorena Pokoik (FpV).<\/p>\n<p>La propuesta se origin\u00f3 durante el 2\u00ba Espacio para la Mejora Institucional con suspensi\u00f3n de clases llevado a cabo el 15 de mayo de a\u00f1o pasado. All\u00ed los profesores del establecimiento presentaron la propuesta de imposici\u00f3n del nombre de H\u00e9ctor Germ\u00e1n Oesterheld al CENS 44 \u00abcomo rasgo de identidad institucional y reconocimiento al guionista, quien fuera uno de los m\u00e1s l\u00facidos exponentes de la historieta nacional y militante comprometido con la causa del pueblo, detenido &#8211; desaparecido durante la \u00faltima dictadura militar en el a\u00f1o 1977\u00bb, seg\u00fan destaca la autora. El proyecto fue publicado posteriormente en el blog del establecimiento y se invit\u00f3 a docentes estudiantes a conocer la iniciativa y a participar de la misma aportando comentarios, observaciones e incluso, formulando propuestas alternativas.<\/p>\n<p><span style=\"line-height: 1.3em;\">Foto \u00a0: El Primado de la Iglesia Apost\u00f3lica Armenia, arzobispo Isaac Kissag Mouradian, presenci\u00f3 la audiencia<\/span><\/p>\n","protected":false},"excerpt":{"rendered":"<p>En una Audiencia P\u00fablica efectuada ayer por la tarde con miembros de la colectividad armenia residentes en la ciudad de Buenos Aires respaldaron el expediente 3277-D-2012 iniciado por el diputado MC Fernando De Andreis quien propici\u00f3 denominar Plaza Rep\u00fablica de Armenia al espacio p\u00fablico que se encuentra delimitado por las calles Armenia, Nicaragua, Malabia y [&hellip;]<\/p>\n","protected":false},"author":2,"featured_media":23040,"comment_status":"open","ping_status":"open","sticky":false,"template":"","format":"standard","meta":{"_et_pb_use_builder":"","_et_pb_old_content":"","_et_gb_content_width":"","footnotes":""},"categories":[11,44],"tags":[],"class_list":["post-23039","post","type-post","status-publish","format-standard","has-post-thumbnail","hentry","category-ciudad","category-funcionarios-de-la-caba"],"_links":{"self":[{"href":"https:\/\/vocesdebaires.com.ar\/index.php\/wp-json\/wp\/v2\/posts\/23039"}],"collection":[{"href":"https:\/\/vocesdebaires.com.ar\/index.php\/wp-json\/wp\/v2\/posts"}],"about":[{"href":"https:\/\/vocesdebaires.com.ar\/index.php\/wp-json\/wp\/v2\/types\/post"}],"author":[{"embeddable":true,"href":"https:\/\/vocesdebaires.com.ar\/index.php\/wp-json\/wp\/v2\/users\/2"}],"replies":[{"embeddable":true,"href":"https:\/\/vocesdebaires.com.ar\/index.php\/wp-json\/wp\/v2\/comments?post=23039"}],"version-history":[{"count":0,"href":"https:\/\/vocesdebaires.com.ar\/index.php\/wp-json\/wp\/v2\/posts\/23039\/revisions"}],"wp:featuredmedia":[{"embeddable":true,"href":"https:\/\/vocesdebaires.com.ar\/index.php\/wp-json\/wp\/v2\/media\/23040"}],"wp:attachment":[{"href":"https:\/\/vocesdebaires.com.ar\/index.php\/wp-json\/wp\/v2\/media?parent=23039"}],"wp:term":[{"taxonomy":"category","embeddable":true,"href":"https:\/\/vocesdebaires.com.ar\/index.php\/wp-json\/wp\/v2\/categories?post=23039"},{"taxonomy":"post_tag","embeddable":true,"href":"https:\/\/vocesdebaires.com.ar\/index.php\/wp-json\/wp\/v2\/tags?post=23039"}],"curies":[{"name":"wp","href":"https:\/\/api.w.org\/{rel}","templated":true}]}}