{"id":2304,"date":"2020-05-01T03:00:00","date_gmt":"2020-05-01T06:00:00","guid":{"rendered":"http:\/\/vocesdebaires.com.ar\/wordpress\/index.php\/2020\/05\/01\/barrios-vulnerables-como-se-enfrenta-al-coronavirus\/"},"modified":"2020-05-01T03:00:00","modified_gmt":"2020-05-01T06:00:00","slug":"barrios-vulnerables-como-se-enfrenta-al-coronavirus","status":"publish","type":"post","link":"https:\/\/vocesdebaires.com.ar\/index.php\/2020\/05\/01\/barrios-vulnerables-como-se-enfrenta-al-coronavirus\/","title":{"rendered":"Barrios vulnerables: C\u00f3mo se enfrenta al coronavirus"},"content":{"rendered":"<p>La gente en el barrio lo conoce de situaciones m\u00e1s alegres, como director de los 400 m\u00fasicos y bailarines que integra la murga \u201cLos caprichosos de Mataderos\u201d; pero hoy Marcelo \u201cChino\u201d Morales dej\u00f3 los ensayos y el desfile de trajes brillosos para otro momento: su responsabilidad es liderar un grupo de cooperativas que se encargan de la desinfecci\u00f3n de viviendas y calles en barrios vulnerables de Buenos Aires para as\u00ed enfrentar al coronavirus, la pandemia que puso en alerta al mundo.<\/p>\n<p>\u201cEsto es de lunes a lunes, todo el d\u00eda. Luego de una reuni\u00f3n por la ma\u00f1ana con la coordinaci\u00f3n operativa en la que se define ad\u00f3nde ir, subimos a la camioneta que con un tanque de mil litros de agua con cloro y una hidrolavadora para recorrer las calles, pasillos y espacios abiertos en villas y asentamientos\u201d, explica Morales y agrega: \u201cTambi\u00e9n desmalezamos y cortamos el pasto para contribuir, adem\u00e1s del coronavirus, con la lucha al dengue. \u00bfC\u00f3mo nos trata la gente de los barrios? Muy contenta y agradecida, nos acercan comida y agua, e incluso se ofrecen para colaborar con la desinfecci\u00f3n \u201d.<\/p>\n<p>Estas tareas de higiene urbana como las que realiza Morales son tan solo uno de los cuatro ejes que componen la estrategia de la Ciudad para combatir la circulaci\u00f3n del virus COVID-19 en los 29 barrios populares porte\u00f1os, repartidos entre villas, asentamientos y n\u00facleos habitacionales transitorios, espacios en los que viven aproximadamente 235 mil personas en m\u00e1s de 52 mil hogares, lo que representa un 7,7% de la poblaci\u00f3n porte\u00f1a.<\/p>\n<p>\u00abEn este contexto, hemos puesto a disposici\u00f3n todos los recursos f\u00edsicos y materiales del Gobierno de la Ciudad: multiplicamos la asistencia alimentaria en comedores y centros comunitarios; aumentamos la asistencia en salud, higiene, prevenci\u00f3n, limpieza y desinfecci\u00f3n; realizamos una fuerte campa\u00f1a de concientizaci\u00f3n territorial calle por calle con altoparlantes y tambi\u00e9n v\u00eda llamados, redes sociales, Whatsapp en todos los barrios; e implementamos un plan especial de cuidado para los adultos mayores que viven en situaciones de vulnerabilidad, sin lugar a dudas, los m\u00e1s expuestos frente al coronavirus facilitando con promotores sociales y voluntarios que su aislamiento sea a la vez lo m\u00e1s estricto y llevadero posible\u201d, explic\u00f3 la ministra de Desarrollo Humano y H\u00e1bitat Mar\u00eda Migliore, y agreg\u00f3: \u201cY todo esto hecho en articulaci\u00f3n integral con los vecinos, las vecinas, con los referentes, las organizaciones sociales y con todos los actores que forman parte de la vida diaria de los barrios.\u00bb<\/p>\n","protected":false},"excerpt":{"rendered":"<p>La gente en el barrio lo conoce de situaciones m\u00e1s alegres, como director de los 400 m\u00fasicos y bailarines que integra la murga \u201cLos caprichosos de Mataderos\u201d; pero hoy Marcelo \u201cChino\u201d Morales dej\u00f3 los ensayos y el desfile de trajes brillosos para otro momento: su responsabilidad es liderar un grupo de cooperativas que se encargan [&hellip;]<\/p>\n","protected":false},"author":1,"featured_media":2305,"comment_status":"open","ping_status":"open","sticky":false,"template":"","format":"standard","meta":{"_et_pb_use_builder":"","_et_pb_old_content":"","_et_gb_content_width":"","footnotes":""},"categories":[11,32],"tags":[],"class_list":["post-2304","post","type-post","status-publish","format-standard","has-post-thumbnail","hentry","category-ciudad","category-comunas"],"_links":{"self":[{"href":"https:\/\/vocesdebaires.com.ar\/index.php\/wp-json\/wp\/v2\/posts\/2304"}],"collection":[{"href":"https:\/\/vocesdebaires.com.ar\/index.php\/wp-json\/wp\/v2\/posts"}],"about":[{"href":"https:\/\/vocesdebaires.com.ar\/index.php\/wp-json\/wp\/v2\/types\/post"}],"author":[{"embeddable":true,"href":"https:\/\/vocesdebaires.com.ar\/index.php\/wp-json\/wp\/v2\/users\/1"}],"replies":[{"embeddable":true,"href":"https:\/\/vocesdebaires.com.ar\/index.php\/wp-json\/wp\/v2\/comments?post=2304"}],"version-history":[{"count":0,"href":"https:\/\/vocesdebaires.com.ar\/index.php\/wp-json\/wp\/v2\/posts\/2304\/revisions"}],"wp:featuredmedia":[{"embeddable":true,"href":"https:\/\/vocesdebaires.com.ar\/index.php\/wp-json\/wp\/v2\/media\/2305"}],"wp:attachment":[{"href":"https:\/\/vocesdebaires.com.ar\/index.php\/wp-json\/wp\/v2\/media?parent=2304"}],"wp:term":[{"taxonomy":"category","embeddable":true,"href":"https:\/\/vocesdebaires.com.ar\/index.php\/wp-json\/wp\/v2\/categories?post=2304"},{"taxonomy":"post_tag","embeddable":true,"href":"https:\/\/vocesdebaires.com.ar\/index.php\/wp-json\/wp\/v2\/tags?post=2304"}],"curies":[{"name":"wp","href":"https:\/\/api.w.org\/{rel}","templated":true}]}}