{"id":23053,"date":"2014-04-23T13:36:45","date_gmt":"2014-04-23T16:36:45","guid":{"rendered":"http:\/\/vocesdebaires.com.ar\/wordpress\/index.php\/2014\/04\/23\/comienza-mayo-con-un-feriado-puente-y-otros-en-caminos\/"},"modified":"2014-04-23T13:36:45","modified_gmt":"2014-04-23T16:36:45","slug":"comienza-mayo-con-un-feriado-puente-y-otros-en-caminos","status":"publish","type":"post","link":"https:\/\/vocesdebaires.com.ar\/index.php\/2014\/04\/23\/comienza-mayo-con-un-feriado-puente-y-otros-en-caminos\/","title":{"rendered":"Comienza  mayo, con un feriado puente  y otros en caminos"},"content":{"rendered":"<div><span style=\"line-height: 1.3em;\">El Gobierno estableci\u00f3 los feriados \u201ctur\u00edsticos\u201d para los pr\u00f3ximos tres a\u00f1os. En 2014, ahora llega el feriado puente que se suma al 1ro de mayo, el 2 de mayo, as\u00ed como el del 26 de diciembre. Para 2016 habr\u00e1 uno adicional.<\/span><span style=\"line-height: 1.3em;\">En los considerandos de la nueva disposici\u00f3n se explica que el art\u00edculo 3 del decreto 1584 del a\u00f1o 2010 \u201cinstituye los feriados con fines tur\u00edsticos, facultando al Poder Ejecutivo Nacional, en los casos en que los feriados nacionales coincidan con los d\u00edas martes o jueves, a fijar dos feriados por a\u00f1o que deber\u00e1n coincidir con los d\u00edas lunes o viernes inmediatos respectivos\u201d.<\/span><\/div>\n<div>Asimismo, esa norma dispone que el PEN \u201cfijar\u00e1, en los casos en que los feriados no coincidan con los d\u00edas martes o jueves, dos feriados destinados a desarrollar la actividad tur\u00edstica\u201d.<span style=\"line-height: 1.3em;\">La medida -se recuerda en la argumentaci\u00f3n- est\u00e1 relacionada \u201ccon permitir disminuir los efectos negativos de la estacionalidad del sector tur\u00edstico, procurando distribuir en el tiempo y en el espacio los movimientos de turistas y visitantes, aumentando as\u00ed los efectos beneficiosos para el sector tur\u00edstico, contribuyendo al desarrollo de la econom\u00eda tanto nacional como regional\u201d.<\/span><\/div>\n<div>Semanas atr\u00e1s, el Gobierno difundi\u00f3 el cronograma de feriados para el a\u00f1o que viene. En la p\u00e1gina web del Ministerio del Interior se dio a conocer que en 2014 ser\u00e1n 15 los d\u00edas no laborales, contra los 19 que fueron establecidos para este a\u00f1o, a los que ahora se le suman los dos \u201cpuente\u201d.<span style=\"line-height: 1.3em;\">En el caso de los feriados inamovibles ser\u00e1n 1\u00b0 de enero (A\u00f1o Nuevo); lunes 3 y 4 de marzo (Carnaval); lunes 24 de marzo (D\u00eda Nacional de la Memoria por la Verdad y la Justicia); mi\u00e9rcoles 2 de abril (D\u00eda del Veterano y de los Ca\u00eddos en la Guerra de Malvinas); viernes 18 de abril (Viernes Santo); jueves 1\u00b0 de mayo (D\u00eda del Trabajador); domingo 25 de mayo (D\u00eda de la Revoluci\u00f3n de Mayo); viernes 20 de junio (D\u00eda Paso a la Inmortalidad del General Manuel Belgrano); mi\u00e9rcoles 9 de julio (D\u00eda de la Independencia); lunes 8 de diciembre (Inmaculada Concepci\u00f3n de Mar\u00eda); y el jueves 25 de diciembre (Navidad).<\/span><\/div>\n<div>En cuanto a los trasladables ser\u00e1n el 17 de agosto se pasa para el lunes 18 de agosto (Paso a la Inmortalidad del General Jos\u00e9 de San Mart\u00edn); el 12 de octubre se pasa para el lunes 13 de Octubre (D\u00eda del Respeto a la Diversidad Cultural); y el 20 de noviembre se pasa para el lunes 24 de Noviembre (D\u00eda de la Soberan\u00eda Nacional).<span style=\"line-height: 1.3em;\">Espec\u00edficamente sobre el 2016, el decreto publicado hoy explica que en el transcurso del mismo un solo feriado nacional coincidir\u00e1 con un d\u00eda martes o jueves, por lo que \u201ccorresponde fijar adicionalmente para ese a\u00f1o un feriado en un d\u00eda determinado\u201d.<\/span><span style=\"line-height: 1.3em;\">En ese marco, la disposici\u00f3n destaca que \u201cel 9 de julio de 2016 se conmemorar\u00e1 el Bicentenario de la Declaraci\u00f3n de la Independencia de la Patria, fecha c\u00falmine del per\u00edodo de festejos patrios del Bicentenario iniciado el 25 de Mayo de 2010\u2033.<\/span><span style=\"line-height: 1.3em;\">Teniendo en cuenta que el 8 de julio de ese a\u00f1o es d\u00eda laborable -ser\u00e1 martes-, \u201cy previ\u00e9ndose que con motivo de los festejos de la fecha hist\u00f3rica del 9 de Julio habr\u00e1 una masiva movilizaci\u00f3n de habitantes, turistas y delegaciones en todo el territorio de la Naci\u00f3n\u201d, el decreto establece ese d\u00eda como \u201cferiado tur\u00edstico\u201d.<\/span><\/div>\n<\/div>\n","protected":false},"excerpt":{"rendered":"<p>El Gobierno estableci\u00f3 los feriados \u201ctur\u00edsticos\u201d para los pr\u00f3ximos tres a\u00f1os. En 2014, ahora llega el feriado puente que se suma al 1ro de mayo, el 2 de mayo, as\u00ed como el del 26 de diciembre. Para 2016 habr\u00e1 uno adicional.En los considerandos de la nueva disposici\u00f3n se explica que el art\u00edculo 3 del decreto [&hellip;]<\/p>\n","protected":false},"author":2,"featured_media":0,"comment_status":"open","ping_status":"open","sticky":false,"template":"","format":"standard","meta":{"_et_pb_use_builder":"","_et_pb_old_content":"","_et_gb_content_width":"","footnotes":""},"categories":[11,44],"tags":[],"class_list":["post-23053","post","type-post","status-publish","format-standard","hentry","category-ciudad","category-funcionarios-de-la-caba"],"_links":{"self":[{"href":"https:\/\/vocesdebaires.com.ar\/index.php\/wp-json\/wp\/v2\/posts\/23053"}],"collection":[{"href":"https:\/\/vocesdebaires.com.ar\/index.php\/wp-json\/wp\/v2\/posts"}],"about":[{"href":"https:\/\/vocesdebaires.com.ar\/index.php\/wp-json\/wp\/v2\/types\/post"}],"author":[{"embeddable":true,"href":"https:\/\/vocesdebaires.com.ar\/index.php\/wp-json\/wp\/v2\/users\/2"}],"replies":[{"embeddable":true,"href":"https:\/\/vocesdebaires.com.ar\/index.php\/wp-json\/wp\/v2\/comments?post=23053"}],"version-history":[{"count":0,"href":"https:\/\/vocesdebaires.com.ar\/index.php\/wp-json\/wp\/v2\/posts\/23053\/revisions"}],"wp:attachment":[{"href":"https:\/\/vocesdebaires.com.ar\/index.php\/wp-json\/wp\/v2\/media?parent=23053"}],"wp:term":[{"taxonomy":"category","embeddable":true,"href":"https:\/\/vocesdebaires.com.ar\/index.php\/wp-json\/wp\/v2\/categories?post=23053"},{"taxonomy":"post_tag","embeddable":true,"href":"https:\/\/vocesdebaires.com.ar\/index.php\/wp-json\/wp\/v2\/tags?post=23053"}],"curies":[{"name":"wp","href":"https:\/\/api.w.org\/{rel}","templated":true}]}}