{"id":23063,"date":"2014-04-24T13:14:37","date_gmt":"2014-04-24T16:14:37","guid":{"rendered":"http:\/\/vocesdebaires.com.ar\/wordpress\/index.php\/2014\/04\/24\/el-camino-para-que-nuestros-chicos-construyan-su-futuro\/"},"modified":"2014-04-24T13:14:37","modified_gmt":"2014-04-24T16:14:37","slug":"el-camino-para-que-nuestros-chicos-construyan-su-futuro","status":"publish","type":"post","link":"https:\/\/vocesdebaires.com.ar\/index.php\/2014\/04\/24\/el-camino-para-que-nuestros-chicos-construyan-su-futuro\/","title":{"rendered":"El camino, para que nuestros chicos construyan su futuro"},"content":{"rendered":"<p><span style=\"line-height: 1.3em;\">El jefe de Gobierno porte\u00f1o, Mauricio Macri, \u00a0destac\u00f3 que el programa de Centros de Primera Infancia ya brinda contenci\u00f3n a m\u00e1s de 6.000 chicos en toda la Ciudad de Buenos Aires luego de recorrer las instalaciones de una nueva unidad de esta red, que trabaja para garantizar el cuidado integral de la ni\u00f1ez.<\/span><span style=\"line-height: 1.3em;\">\u201cCada vez que abrimos un CPI estamos creando una f\u00e1brica de sue\u00f1os, porque este es el comienzo del camino para que nuestros ni\u00f1os puedan construir su futuro en un marco de inclusi\u00f3n social y con igualdad de oportunidades\u201d, \u00a0subray\u00f3.<\/span><\/p>\n<p><span style=\"line-height: 1.3em;\">Macri efectu\u00f3 esta ma\u00f1ana la recorrida inaugural del CPI San Francisco de As\u00eds, \u00a0ubicado en avenida Independencia 2950, \u00a0que brinda atenci\u00f3n a m\u00e1s de 150 chicos provenientes de familias en situaci\u00f3n de vulnerabilidad social.<\/span><span style=\"line-height: 1.3em;\">El Jefe de Gobierno se\u00f1al\u00f3 que \u201ctodos los padres pueden tener la tranquilidad de saber que aqu\u00ed sus hijos van a estar muy bien cuidados por los mejores maestros , m\u00e9dicos y psic\u00f3logos en este importante proceso de crecimiento que va desde los 45 d\u00edas de vida hasta los 5 a\u00f1os\u201d.<\/span><\/p>\n<p><span style=\"line-height: 1.3em;\">\u201cQueremos que lleguen \u00a0al inicio de su vida escolar de la mejor manera. Para eso venimos trabajando en forma \u00a0persistente desde hace m\u00e1s de seis a\u00f1os y los resultados est\u00e1n a la vista. La red \u00a0ya cuenta con 50 Centros, lo que significa que m\u00e1s de 6.000 chicos est\u00e1n contenidos dentro de estos esquemas en toda la Ciudad\u201d , afirm\u00f3.<\/span><span style=\"line-height: 1.3em;\">\u201cLos Centros de Primera Infancia \u00a0funcionan muy bien y deber\u00edan poder aplicarse en todo el pa\u00eds. Ojal\u00e1 podamos empezar a hacerlo a partir del a\u00f1o que viene\u201d, agreg\u00f3. <\/span><\/p>\n<p><span style=\"line-height: 1.3em;\">Macri \u00a0recorri\u00f3 las instalaciones del Centro \u00a0acompa\u00f1ado por la vicejefe de Gobierno, Mar\u00eda Eugenia Vidal; el jefe de Gabinete, Horacio Rodr\u00edguez Larreta, y la ministra de Desarrollo Social, Carolina Stanley. <\/span><span style=\"line-height: 1.3em;\">El nuevo CPI cuenta con siete salas y un cuerpo de profesionales especializados que trabajan en jornada completa de 8 a 16 para brindar a los ni\u00f1os atenci\u00f3n alimentaria y nutricional, seguimiento y cuidado de la salud y \u00a0actividades recreativas, \u00a0educativas y de estimulaci\u00f3n temprana. \u00a0Adem\u00e1s, se realizan talleres de capacitaci\u00f3n para las familias.<\/span><\/p>\n","protected":false},"excerpt":{"rendered":"<p>El jefe de Gobierno porte\u00f1o, Mauricio Macri, \u00a0destac\u00f3 que el programa de Centros de Primera Infancia ya brinda contenci\u00f3n a m\u00e1s de 6.000 chicos en toda la Ciudad de Buenos Aires luego de recorrer las instalaciones de una nueva unidad de esta red, que trabaja para garantizar el cuidado integral de la ni\u00f1ez.\u201cCada vez que [&hellip;]<\/p>\n","protected":false},"author":2,"featured_media":23064,"comment_status":"open","ping_status":"open","sticky":false,"template":"","format":"standard","meta":{"_et_pb_use_builder":"","_et_pb_old_content":"","_et_gb_content_width":"","footnotes":""},"categories":[11,44],"tags":[],"class_list":["post-23063","post","type-post","status-publish","format-standard","has-post-thumbnail","hentry","category-ciudad","category-funcionarios-de-la-caba"],"_links":{"self":[{"href":"https:\/\/vocesdebaires.com.ar\/index.php\/wp-json\/wp\/v2\/posts\/23063"}],"collection":[{"href":"https:\/\/vocesdebaires.com.ar\/index.php\/wp-json\/wp\/v2\/posts"}],"about":[{"href":"https:\/\/vocesdebaires.com.ar\/index.php\/wp-json\/wp\/v2\/types\/post"}],"author":[{"embeddable":true,"href":"https:\/\/vocesdebaires.com.ar\/index.php\/wp-json\/wp\/v2\/users\/2"}],"replies":[{"embeddable":true,"href":"https:\/\/vocesdebaires.com.ar\/index.php\/wp-json\/wp\/v2\/comments?post=23063"}],"version-history":[{"count":0,"href":"https:\/\/vocesdebaires.com.ar\/index.php\/wp-json\/wp\/v2\/posts\/23063\/revisions"}],"wp:featuredmedia":[{"embeddable":true,"href":"https:\/\/vocesdebaires.com.ar\/index.php\/wp-json\/wp\/v2\/media\/23064"}],"wp:attachment":[{"href":"https:\/\/vocesdebaires.com.ar\/index.php\/wp-json\/wp\/v2\/media?parent=23063"}],"wp:term":[{"taxonomy":"category","embeddable":true,"href":"https:\/\/vocesdebaires.com.ar\/index.php\/wp-json\/wp\/v2\/categories?post=23063"},{"taxonomy":"post_tag","embeddable":true,"href":"https:\/\/vocesdebaires.com.ar\/index.php\/wp-json\/wp\/v2\/tags?post=23063"}],"curies":[{"name":"wp","href":"https:\/\/api.w.org\/{rel}","templated":true}]}}