{"id":23065,"date":"2014-04-24T13:32:08","date_gmt":"2014-04-24T16:32:08","guid":{"rendered":"http:\/\/vocesdebaires.com.ar\/wordpress\/index.php\/2014\/04\/24\/el-pro-no-se-debate-un-acuerdo-con-unen\/"},"modified":"2014-04-24T13:32:08","modified_gmt":"2014-04-24T16:32:08","slug":"el-pro-no-se-debate-un-acuerdo-con-unen","status":"publish","type":"post","link":"https:\/\/vocesdebaires.com.ar\/index.php\/2014\/04\/24\/el-pro-no-se-debate-un-acuerdo-con-unen\/","title":{"rendered":"El PRO no se debate un acuerdo con UNEN"},"content":{"rendered":"<p><span style=\"line-height: 1.3em;\">La vicejefa del gobierno porte\u00f1o, Mar\u00eda Eugenia Vidal, dijo que en el Pro no est\u00e1 en discusi\u00f3n un eventual acuerdo con el frente Unen \u201cporque este a\u00f1o estamos discutiendo lo propio para ser la alternativa del cambio que la gente quiere en el 2015\u201d.<\/span><span style=\"line-height: 1.3em;\">\u201cMe parece muy bien que aparezcan nuevas fuerzas pol\u00edticas y frentes electorales, pero nosotros este a\u00f1o estamos en una construcci\u00f3n propia\u201d, afirm\u00f3 Vidal esta ma\u00f1ana en declaraciones al canal Telef\u00e9. <\/span><span style=\"line-height: 1.3em;\">\u201cDespu\u00e9s de 30 a\u00f1os que en la Argentina han gobernado siemp<\/span><\/p>\n","protected":false},"excerpt":{"rendered":"<p>La vicejefa del gobierno porte\u00f1o, Mar\u00eda Eugenia Vidal, dijo que en el Pro no est\u00e1 en discusi\u00f3n un eventual acuerdo con el frente Unen \u201cporque este a\u00f1o estamos discutiendo lo propio para ser la alternativa del cambio que la gente quiere en el 2015\u201d.\u201cMe parece muy bien que aparezcan nuevas fuerzas pol\u00edticas y frentes electorales, [&hellip;]<\/p>\n","protected":false},"author":2,"featured_media":17432,"comment_status":"open","ping_status":"open","sticky":false,"template":"","format":"standard","meta":{"_et_pb_use_builder":"","_et_pb_old_content":"","_et_gb_content_width":"","footnotes":""},"categories":[11,44],"tags":[],"class_list":["post-23065","post","type-post","status-publish","format-standard","has-post-thumbnail","hentry","category-ciudad","category-funcionarios-de-la-caba"],"_links":{"self":[{"href":"https:\/\/vocesdebaires.com.ar\/index.php\/wp-json\/wp\/v2\/posts\/23065"}],"collection":[{"href":"https:\/\/vocesdebaires.com.ar\/index.php\/wp-json\/wp\/v2\/posts"}],"about":[{"href":"https:\/\/vocesdebaires.com.ar\/index.php\/wp-json\/wp\/v2\/types\/post"}],"author":[{"embeddable":true,"href":"https:\/\/vocesdebaires.com.ar\/index.php\/wp-json\/wp\/v2\/users\/2"}],"replies":[{"embeddable":true,"href":"https:\/\/vocesdebaires.com.ar\/index.php\/wp-json\/wp\/v2\/comments?post=23065"}],"version-history":[{"count":0,"href":"https:\/\/vocesdebaires.com.ar\/index.php\/wp-json\/wp\/v2\/posts\/23065\/revisions"}],"wp:featuredmedia":[{"embeddable":true,"href":"https:\/\/vocesdebaires.com.ar\/index.php\/wp-json\/wp\/v2\/media\/17432"}],"wp:attachment":[{"href":"https:\/\/vocesdebaires.com.ar\/index.php\/wp-json\/wp\/v2\/media?parent=23065"}],"wp:term":[{"taxonomy":"category","embeddable":true,"href":"https:\/\/vocesdebaires.com.ar\/index.php\/wp-json\/wp\/v2\/categories?post=23065"},{"taxonomy":"post_tag","embeddable":true,"href":"https:\/\/vocesdebaires.com.ar\/index.php\/wp-json\/wp\/v2\/tags?post=23065"}],"curies":[{"name":"wp","href":"https:\/\/api.w.org\/{rel}","templated":true}]}}