{"id":23074,"date":"2014-04-24T20:54:52","date_gmt":"2014-04-24T23:54:52","guid":{"rendered":"http:\/\/vocesdebaires.com.ar\/wordpress\/index.php\/2014\/04\/24\/solidaridad-con-el-pueblo-chileno\/"},"modified":"2014-04-24T20:54:52","modified_gmt":"2014-04-24T23:54:52","slug":"solidaridad-con-el-pueblo-chileno","status":"publish","type":"post","link":"https:\/\/vocesdebaires.com.ar\/index.php\/2014\/04\/24\/solidaridad-con-el-pueblo-chileno\/","title":{"rendered":"Solidaridad con el pueblo chileno"},"content":{"rendered":"<p><span style=\"line-height: 1.3em;\">Durante la sesi\u00f3n ordinaria y sobre tablas se aprob\u00f3 una declaraci\u00f3n con texto consensuado a trav\u00e9s de la cual la Legislatura de la Ciudad Aut\u00f3noma de Buenos Aires \u00abexpresa su solidaridad y pesar por las v\u00edctimas del incendio de la ciudad de Valpara\u00edso, Chile, ocurrido el pasado s\u00e1bado 12 de abril\u00bb. A su vez se destac\u00f3 la acci\u00f3n solidaria puesta en marcha por la Rep\u00fablica Argentina con el env\u00edo de Cascos Blancos, Brigadas del Plan Nacional de Manejo de Fuego, aviones hidrantes y personal de Defensa Civil de las provincias lim\u00edtrofes con Chile. \u00abConsideramos que en estas cat\u00e1strofes, el apoyo y la colaboraci\u00f3n hacen la construcci\u00f3n de hermandad entre pueblos\u00bb, dice el texto de la declaraci\u00f3n. <\/span><\/p>\n<p>La Sesi\u00f3n Ordinaria comenz\u00f3 a las 12.40 con la presidencia del diputado Cristian Ritondo (PRO), Vicepresidente 1\u00ba del Cuerpo parlamentario y 52 legisladores en las bancas.<\/p>\n","protected":false},"excerpt":{"rendered":"<p>Durante la sesi\u00f3n ordinaria y sobre tablas se aprob\u00f3 una declaraci\u00f3n con texto consensuado a trav\u00e9s de la cual la Legislatura de la Ciudad Aut\u00f3noma de Buenos Aires \u00abexpresa su solidaridad y pesar por las v\u00edctimas del incendio de la ciudad de Valpara\u00edso, Chile, ocurrido el pasado s\u00e1bado 12 de abril\u00bb. A su vez se [&hellip;]<\/p>\n","protected":false},"author":2,"featured_media":23075,"comment_status":"open","ping_status":"open","sticky":false,"template":"","format":"standard","meta":{"_et_pb_use_builder":"","_et_pb_old_content":"","_et_gb_content_width":"","footnotes":""},"categories":[11,44],"tags":[],"class_list":["post-23074","post","type-post","status-publish","format-standard","has-post-thumbnail","hentry","category-ciudad","category-funcionarios-de-la-caba"],"_links":{"self":[{"href":"https:\/\/vocesdebaires.com.ar\/index.php\/wp-json\/wp\/v2\/posts\/23074"}],"collection":[{"href":"https:\/\/vocesdebaires.com.ar\/index.php\/wp-json\/wp\/v2\/posts"}],"about":[{"href":"https:\/\/vocesdebaires.com.ar\/index.php\/wp-json\/wp\/v2\/types\/post"}],"author":[{"embeddable":true,"href":"https:\/\/vocesdebaires.com.ar\/index.php\/wp-json\/wp\/v2\/users\/2"}],"replies":[{"embeddable":true,"href":"https:\/\/vocesdebaires.com.ar\/index.php\/wp-json\/wp\/v2\/comments?post=23074"}],"version-history":[{"count":0,"href":"https:\/\/vocesdebaires.com.ar\/index.php\/wp-json\/wp\/v2\/posts\/23074\/revisions"}],"wp:featuredmedia":[{"embeddable":true,"href":"https:\/\/vocesdebaires.com.ar\/index.php\/wp-json\/wp\/v2\/media\/23075"}],"wp:attachment":[{"href":"https:\/\/vocesdebaires.com.ar\/index.php\/wp-json\/wp\/v2\/media?parent=23074"}],"wp:term":[{"taxonomy":"category","embeddable":true,"href":"https:\/\/vocesdebaires.com.ar\/index.php\/wp-json\/wp\/v2\/categories?post=23074"},{"taxonomy":"post_tag","embeddable":true,"href":"https:\/\/vocesdebaires.com.ar\/index.php\/wp-json\/wp\/v2\/tags?post=23074"}],"curies":[{"name":"wp","href":"https:\/\/api.w.org\/{rel}","templated":true}]}}