{"id":23078,"date":"2014-04-25T12:55:46","date_gmt":"2014-04-25T15:55:46","guid":{"rendered":"http:\/\/vocesdebaires.com.ar\/wordpress\/index.php\/2014\/04\/25\/ley-para-construir-nuevo-centro-de-exposiciones\/"},"modified":"2014-04-25T12:55:46","modified_gmt":"2014-04-25T15:55:46","slug":"ley-para-construir-nuevo-centro-de-exposiciones","status":"publish","type":"post","link":"https:\/\/vocesdebaires.com.ar\/index.php\/2014\/04\/25\/ley-para-construir-nuevo-centro-de-exposiciones\/","title":{"rendered":"Ley para construir nuevo Centro de Exposiciones"},"content":{"rendered":"<p><span style=\"line-height: 1.3em;\">La ley que dispone la construcci\u00f3n de un nuevo Centro de Exposiciones y Convenciones de la Ciudad de Buenos Aires, en reemplazo del existente Centro Municipal de Exposiciones fue aprobada hoy en forma definitiva durante la sesi\u00f3n ordinaria desarrollada por la Legislatura. La norma contempla levantarlo en el predio colindante al actual, es decir en las Manzanas 178 A, 175 B y 175 C, Secci\u00f3n 15, Circunscripci\u00f3n 19.<\/span><\/p>\n<p>Adem\u00e1s, se plantean nuevos espacios verdes que conformar\u00e1n un gran parque p\u00fablico que complementar\u00e1n a los existentes: el Parque Thays y la Plaza de las Naciones Unidas, raz\u00f3n por la que el sector en el que actualmente se localiza el Centro Municipal de Exposiciones se zonific\u00f3 como Distrito Urbanizaci\u00f3n Parque -UP- con el objeto de su integraci\u00f3n paisaj\u00edstica. El nuevo Parque se desarrollar\u00e1 por sobre la cubierta del Centro de Exposiciones y Convenciones completando los espacios verdes que se propone poner en valor a trav\u00e9s de la intervenci\u00f3n que se plantea para \u00a0este sector urbano.<\/p>\n<p>El proyecto prev\u00e9 que, junto con el Parque Thays, la Facultad de Derecho y la Plaza de las Naciones Unidas se conforme un conjunto urbano de singular calidad, significaci\u00f3n, reconocimiento y prestigio internacional, con amplias posibilidades de uso, dadas sus vinculaciones \u00a0con el entorno y el transporte p\u00fablico. En ese sentido, el sector quedar\u00e1 vinculado con la red de subterr\u00e1neos a partir de la extensi\u00f3n de la L\u00ednea H de Subterr\u00e1neos, que incluye una estaci\u00f3n en las proximidades del predio vinculando el barrio de Pompeya con Retiro.<\/p>\n<p>En t\u00e9rminos constructivos, las obras que se pretenden concretar se enmarcan en criterios de sustentabilidad, en tanto se prev\u00e9 la materializaci\u00f3n de cubiertas verdes, con el objeto de asegurar un impacto neto positivo sobre el ambiente urbano y el coincidente ahorro energ\u00e9tico. No afectar\u00e1 la playa de acarreo prevista por la Ley N\u00ba 4888, de estacionamiento regulado cuyo plazo de llamado a licitaci\u00f3n vencer\u00e1 el 24 de mayo venidero.<span style=\"line-height: 1.3em;\">El expediente hab\u00eda obtenido aprobaci\u00f3n inicial y fue tratado en Audiencia P\u00fablica, instancia de participaci\u00f3n ciudadana en que la iniciativa legislativa fue apoyada en general por los participantes, aunque algunos solicitaron mayores estudios de impacto ambiental y participaci\u00f3n de la Comuna 2. La norma finalmente result\u00f3 sancionada con 49 votos positivos, 2 negativos y 3 abstenciones.<\/span><\/p>\n<p><span style=\"line-height: 1.3em;\">Aumentan la multa a publicistas que da\u00f1en el patrimonio de la ciudad <\/span><\/p>\n<p><span style=\"line-height: 1.3em;\">La Legislatura por 52 votos positivos aument\u00f3 las multas que se aplican a los responsables de actividades publicitarias que ocasionan la destrucci\u00f3n y\/o deterioro en funci\u00f3n de su labor de bienes catalogados por el C\u00f3digo de Planeamiento Urbano de la Ciudad de Buenos Aires y los declarados Patrimonio Cultural de la Ciudad en el marco de la Ley N\u00ba 1227. El autor del proyecto convertido este jueves en ley fue el diputado MC Rub\u00e9n Campos (UCR).<\/span><\/p>\n<p>Las multas ir\u00e1n desde 100.000 a 342.500 unidades fijas (una UF equivale al precio de medio litro de nafta super, actualmente $ 5.30) \u00aby\/o decomiso de los elementos publicitarios y\/o inhabilitaci\u00f3n\u00bb, seg\u00fan la norma sancionada que modifica el art\u00edculo 3.1.9 de la Ley N\u00ba 451, es decir el R\u00e9gimen de Faltas de la Ciudad. De esta manera se elev\u00f3 el m\u00ednimo de la sanci\u00f3n que hasta el momento era el equivalente a 68.500 UF.<\/p>\n","protected":false},"excerpt":{"rendered":"<p>La ley que dispone la construcci\u00f3n de un nuevo Centro de Exposiciones y Convenciones de la Ciudad de Buenos Aires, en reemplazo del existente Centro Municipal de Exposiciones fue aprobada hoy en forma definitiva durante la sesi\u00f3n ordinaria desarrollada por la Legislatura. La norma contempla levantarlo en el predio colindante al actual, es decir en [&hellip;]<\/p>\n","protected":false},"author":2,"featured_media":23079,"comment_status":"open","ping_status":"open","sticky":false,"template":"","format":"standard","meta":{"_et_pb_use_builder":"","_et_pb_old_content":"","_et_gb_content_width":"","footnotes":""},"categories":[11,44],"tags":[],"class_list":["post-23078","post","type-post","status-publish","format-standard","has-post-thumbnail","hentry","category-ciudad","category-funcionarios-de-la-caba"],"_links":{"self":[{"href":"https:\/\/vocesdebaires.com.ar\/index.php\/wp-json\/wp\/v2\/posts\/23078"}],"collection":[{"href":"https:\/\/vocesdebaires.com.ar\/index.php\/wp-json\/wp\/v2\/posts"}],"about":[{"href":"https:\/\/vocesdebaires.com.ar\/index.php\/wp-json\/wp\/v2\/types\/post"}],"author":[{"embeddable":true,"href":"https:\/\/vocesdebaires.com.ar\/index.php\/wp-json\/wp\/v2\/users\/2"}],"replies":[{"embeddable":true,"href":"https:\/\/vocesdebaires.com.ar\/index.php\/wp-json\/wp\/v2\/comments?post=23078"}],"version-history":[{"count":0,"href":"https:\/\/vocesdebaires.com.ar\/index.php\/wp-json\/wp\/v2\/posts\/23078\/revisions"}],"wp:featuredmedia":[{"embeddable":true,"href":"https:\/\/vocesdebaires.com.ar\/index.php\/wp-json\/wp\/v2\/media\/23079"}],"wp:attachment":[{"href":"https:\/\/vocesdebaires.com.ar\/index.php\/wp-json\/wp\/v2\/media?parent=23078"}],"wp:term":[{"taxonomy":"category","embeddable":true,"href":"https:\/\/vocesdebaires.com.ar\/index.php\/wp-json\/wp\/v2\/categories?post=23078"},{"taxonomy":"post_tag","embeddable":true,"href":"https:\/\/vocesdebaires.com.ar\/index.php\/wp-json\/wp\/v2\/tags?post=23078"}],"curies":[{"name":"wp","href":"https:\/\/api.w.org\/{rel}","templated":true}]}}