{"id":23084,"date":"2014-04-25T13:34:42","date_gmt":"2014-04-25T16:34:42","guid":{"rendered":"http:\/\/vocesdebaires.com.ar\/wordpress\/index.php\/2014\/04\/25\/legislaturatodos-por-los-que-menos-tienen\/"},"modified":"2014-04-25T13:34:42","modified_gmt":"2014-04-25T16:34:42","slug":"legislaturatodos-por-los-que-menos-tienen","status":"publish","type":"post","link":"https:\/\/vocesdebaires.com.ar\/index.php\/2014\/04\/25\/legislaturatodos-por-los-que-menos-tienen\/","title":{"rendered":"Legislatura:\u00bbTodos por los que menos tienen\u00bb"},"content":{"rendered":"<p><span style=\"line-height: 1.3em;\">La Legislatura tambi\u00e9n declar\u00f3 de inter\u00e9s social a la Consulta Popular \u00abTodos Por los que Menos Tienen\u00bb, la cual se llevar\u00e1 a cabo del 12 al 17 de mayo, con la que se espera llegar con urnas a todos los barrios, escuelas y universidades, centros de salud y hospitales, sindicatos y cooperativas del territorio nacional \u00abhaciendo visible el apoyo ciudadano a medidas necesarias para construir un pa\u00eds m\u00e1s justo\u00bb, explicaron en los fundamentos. La iniciativa fue impulsada por el Movimiento Barrios de Pie y presentada por los diputados Hern\u00e1n Rossi, \u00a0Mar\u00eda Eugenia Estenssoro y Maximiliano Ferraro (Suma+), Hern\u00e1n Arce (PS), Pablo Bergel \u00a0y Javier Gentilini (PSur).<\/span><\/p>\n<p><span style=\"line-height: 1.3em;\">Adhesi\u00f3n al D\u00eda internacional del trabajador<\/span><\/p>\n<p>Se aprob\u00f3 una declaraci\u00f3n para conmemorar el D\u00eda Internacional del Trabajador que se celebra el 1\u00ba de mayo. Adem\u00e1s la Legislatura porte\u00f1a \u00abadhiere a todos los actos y actividades que se realicen en dicho marco\u00bb. Presentaron proyectos en este sentido los diputados, Claudio Palmeyro (SP) y Roberto Quattromano (PRO).<\/p>\n<p>El 1\u00b0 de mayo se conmemora \u00e9ste d\u00eda en homenaje a los llamados M\u00e1rtires de Chicago, grupo de sindicalistas anarquistas que fueron ejecutados en 1886 por participar en luchas reivindicatorias para conseguir una jornada de trabajo de ocho horas, ya que en esa \u00e9poca era usual que la misma fuera de 12 y 16 horas diarias, pudiendo llegar, seg\u00fan la legislaci\u00f3n norteamericana, a las 18. En 1884 la Federaci\u00f3n de Trabajadores de los Estados Unidos y Canad\u00e1 convoc\u00f3 a los trabajadores para luchar por la jornada laboral de ocho horas, declarando, en forma unilateral, que los obreros iban a cumplirla a partir del 1\u00b0 de mayo de 1886. El lema era: \u00abOcho horas para el trabajo, ocho para el sue\u00f1o y ocho para la casa\u00bb.<\/p>\n<p>Homenaje a 32 a\u00f1os de la gesta de Malvinas<\/p>\n<p>La Legislatura aprob\u00f3 una declaraci\u00f3n propuesta por el diputado H\u00e9ctor Huici (PRO), al cumplirse el 1 de mayo el trig\u00e9simo segundo aniversario del bautismo de fuego de la Fuerza A\u00e9rea Argentina. Por eso \u00abrecuerda y rinde homenaje a los h\u00e9roes que defendieron la patria y murieron en defensa de la soberan\u00eda Argentina\u00bb. En el mismo sentido fue votada otra declaraci\u00f3n propuesta por el mismo legislador al cumplirse el 2 de mayo el trig\u00e9simo segundo aniversario del hundimiento del Crucero ARA \u00abGeneral Belgrano\u00bb.<\/p>\n","protected":false},"excerpt":{"rendered":"<p>La Legislatura tambi\u00e9n declar\u00f3 de inter\u00e9s social a la Consulta Popular \u00abTodos Por los que Menos Tienen\u00bb, la cual se llevar\u00e1 a cabo del 12 al 17 de mayo, con la que se espera llegar con urnas a todos los barrios, escuelas y universidades, centros de salud y hospitales, sindicatos y cooperativas del territorio nacional [&hellip;]<\/p>\n","protected":false},"author":2,"featured_media":23085,"comment_status":"open","ping_status":"open","sticky":false,"template":"","format":"standard","meta":{"_et_pb_use_builder":"","_et_pb_old_content":"","_et_gb_content_width":"","footnotes":""},"categories":[11,44],"tags":[],"class_list":["post-23084","post","type-post","status-publish","format-standard","has-post-thumbnail","hentry","category-ciudad","category-funcionarios-de-la-caba"],"_links":{"self":[{"href":"https:\/\/vocesdebaires.com.ar\/index.php\/wp-json\/wp\/v2\/posts\/23084"}],"collection":[{"href":"https:\/\/vocesdebaires.com.ar\/index.php\/wp-json\/wp\/v2\/posts"}],"about":[{"href":"https:\/\/vocesdebaires.com.ar\/index.php\/wp-json\/wp\/v2\/types\/post"}],"author":[{"embeddable":true,"href":"https:\/\/vocesdebaires.com.ar\/index.php\/wp-json\/wp\/v2\/users\/2"}],"replies":[{"embeddable":true,"href":"https:\/\/vocesdebaires.com.ar\/index.php\/wp-json\/wp\/v2\/comments?post=23084"}],"version-history":[{"count":0,"href":"https:\/\/vocesdebaires.com.ar\/index.php\/wp-json\/wp\/v2\/posts\/23084\/revisions"}],"wp:featuredmedia":[{"embeddable":true,"href":"https:\/\/vocesdebaires.com.ar\/index.php\/wp-json\/wp\/v2\/media\/23085"}],"wp:attachment":[{"href":"https:\/\/vocesdebaires.com.ar\/index.php\/wp-json\/wp\/v2\/media?parent=23084"}],"wp:term":[{"taxonomy":"category","embeddable":true,"href":"https:\/\/vocesdebaires.com.ar\/index.php\/wp-json\/wp\/v2\/categories?post=23084"},{"taxonomy":"post_tag","embeddable":true,"href":"https:\/\/vocesdebaires.com.ar\/index.php\/wp-json\/wp\/v2\/tags?post=23084"}],"curies":[{"name":"wp","href":"https:\/\/api.w.org\/{rel}","templated":true}]}}