{"id":23100,"date":"2014-04-28T13:39:26","date_gmt":"2014-04-28T16:39:26","guid":{"rendered":"http:\/\/vocesdebaires.com.ar\/wordpress\/index.php\/2014\/04\/28\/la-ciudad-agasajo-al-alcalde-de-san-pablo\/"},"modified":"2014-04-28T13:39:26","modified_gmt":"2014-04-28T16:39:26","slug":"la-ciudad-agasajo-al-alcalde-de-san-pablo","status":"publish","type":"post","link":"https:\/\/vocesdebaires.com.ar\/index.php\/2014\/04\/28\/la-ciudad-agasajo-al-alcalde-de-san-pablo\/","title":{"rendered":"La Ciudad agasaj\u00f3 al alcalde de San Pablo"},"content":{"rendered":"<p><span style=\"line-height: 1.3em;\"> El Gobierno porte\u00f1o agasaj\u00f3 al alcalde de San Pablo, Fernando Haddad, con un almuerzo realizado en el Palacio Municipal de la Ciudad de Buenos Aires, donde los funcionarios compartieron visiones sobre la evoluci\u00f3n de ambas megaciudades y analizaron proyectos en materia cultural, comunicaciones y educaci\u00f3n, entre otros<\/span><span style=\"line-height: 1.3em;\"> Asistieron el jefe de Gabinete, Horacio Rodr\u00edguez Larreta; el ministro de Cultura, Hern\u00e1n Lombardi; los secretarios General, Marcos Pe\u00f1a, y de Medios, Miguel de Godoy, y el subsecretario de Relaciones Internacionales e Institucionales, Fulvio Pompeo. Tambi\u00e9n particip\u00f3 el embajador de Brasil en la Argentina, Everton Vieira Vargas.<\/span><\/p>\n<p>El jefe de Gobierno, Mauricio Macri, distingui\u00f3 a Haddad como Hu\u00e9sped de Honor durante una visita a la 40\u00ba edici\u00f3n de la Feria del Libro y firmaron un convenio tripartito sobre cuidado del medioambiente.<span style=\"line-height: 1.3em;\">Durante su estad\u00eda en la Capital Federal, Haddad recorri\u00f3 el Metrob\u00fas de la Avenida 9 de Julio, una estaci\u00f3n de subterr\u00e1neos y un tramo de las bicisendas y ciclov\u00edas que la Ciudad construy\u00f3 en los \u00faltimos tres a\u00f1os.<\/span><span style=\"line-height: 1.3em;\"> La Ciudad est\u00e1 invitada a participar de la \u201cVirada Cultural\u201d que organizar\u00e1 San Pablo en mayo de 2015.<\/span><\/p>\n","protected":false},"excerpt":{"rendered":"<p>El Gobierno porte\u00f1o agasaj\u00f3 al alcalde de San Pablo, Fernando Haddad, con un almuerzo realizado en el Palacio Municipal de la Ciudad de Buenos Aires, donde los funcionarios compartieron visiones sobre la evoluci\u00f3n de ambas megaciudades y analizaron proyectos en materia cultural, comunicaciones y educaci\u00f3n, entre otros Asistieron el jefe de Gabinete, Horacio Rodr\u00edguez Larreta; [&hellip;]<\/p>\n","protected":false},"author":2,"featured_media":23101,"comment_status":"open","ping_status":"open","sticky":false,"template":"","format":"standard","meta":{"_et_pb_use_builder":"","_et_pb_old_content":"","_et_gb_content_width":"","footnotes":""},"categories":[11,44],"tags":[],"class_list":["post-23100","post","type-post","status-publish","format-standard","has-post-thumbnail","hentry","category-ciudad","category-funcionarios-de-la-caba"],"_links":{"self":[{"href":"https:\/\/vocesdebaires.com.ar\/index.php\/wp-json\/wp\/v2\/posts\/23100"}],"collection":[{"href":"https:\/\/vocesdebaires.com.ar\/index.php\/wp-json\/wp\/v2\/posts"}],"about":[{"href":"https:\/\/vocesdebaires.com.ar\/index.php\/wp-json\/wp\/v2\/types\/post"}],"author":[{"embeddable":true,"href":"https:\/\/vocesdebaires.com.ar\/index.php\/wp-json\/wp\/v2\/users\/2"}],"replies":[{"embeddable":true,"href":"https:\/\/vocesdebaires.com.ar\/index.php\/wp-json\/wp\/v2\/comments?post=23100"}],"version-history":[{"count":0,"href":"https:\/\/vocesdebaires.com.ar\/index.php\/wp-json\/wp\/v2\/posts\/23100\/revisions"}],"wp:featuredmedia":[{"embeddable":true,"href":"https:\/\/vocesdebaires.com.ar\/index.php\/wp-json\/wp\/v2\/media\/23101"}],"wp:attachment":[{"href":"https:\/\/vocesdebaires.com.ar\/index.php\/wp-json\/wp\/v2\/media?parent=23100"}],"wp:term":[{"taxonomy":"category","embeddable":true,"href":"https:\/\/vocesdebaires.com.ar\/index.php\/wp-json\/wp\/v2\/categories?post=23100"},{"taxonomy":"post_tag","embeddable":true,"href":"https:\/\/vocesdebaires.com.ar\/index.php\/wp-json\/wp\/v2\/tags?post=23100"}],"curies":[{"name":"wp","href":"https:\/\/api.w.org\/{rel}","templated":true}]}}