{"id":23111,"date":"2014-04-29T11:50:20","date_gmt":"2014-04-29T14:50:20","guid":{"rendered":"http:\/\/vocesdebaires.com.ar\/wordpress\/index.php\/2014\/04\/29\/distinguidos-como-huespedes-de-honor-de-la-ciudad\/"},"modified":"2014-04-29T11:50:20","modified_gmt":"2014-04-29T14:50:20","slug":"distinguidos-como-huespedes-de-honor-de-la-ciudad","status":"publish","type":"post","link":"https:\/\/vocesdebaires.com.ar\/index.php\/2014\/04\/29\/distinguidos-como-huespedes-de-honor-de-la-ciudad\/","title":{"rendered":"Distinguidos como Hu\u00e9spedes de Honor de la ciudad"},"content":{"rendered":"<p><span style=\"line-height: 1.3em;\">A trav\u00e9s de una iniciativa de los diputados Cristian Ritondo y Diana Mart\u00ednez Barrios (PRO) fueron declarados como Hu\u00e9spedes de Honor de la Ciudad de Buenos Aires los escritores Paul Auster y John M. Coetzee, quienes brindaron una charla en la 40\u00b0 edici\u00f3n de la Feria del Libro, que se desarrolla hasta el 12 de mayo en el predio de La Rural. La propuesta fue votada por la Legislatura el pasado 3 de abril.<\/span><\/p>\n<p>Mart\u00ednez Barrios celebr\u00f3 la presencia de ambos escritores reconocidos mundialmente, considerando su visita como un verdadero homenaje a nuestros escritores dentro del marco de \u00ab2014, a\u00f1o de las letras argentinas\u00bb.<span style=\"line-height: 1.3em;\">El destacado escritor Paul Auster y el premio Nobel de Literatura John Coetzee realizaron un repaso de las cartas que se enviaron mutuamente entre los a\u00f1os 2008 y 2011. La sala Jorge Luis Borges fue el escenario d\u00f3nde una gran cantidad de asistentes a la feria siguieron en persona y v\u00eda pantallas la conversaci\u00f3n entre ambos, en el marco la presentaci\u00f3n del libro \u00abAqu\u00ed y ahora\u00bb, que recopila la correspondencia que intercambiaron los referentes literarios.<\/span><\/p>\n<p><span style=\"line-height: 1.3em;\">Sobre Coetzee<\/span><\/p>\n<p>Como escritor, comenz\u00f3 a escribir ficci\u00f3n en 1969. Su primer libro, Dusklands, se public\u00f3 en Sud\u00e1frica en 1974. En el coraz\u00f3n del pa\u00eds (1977) gan\u00f3 el premio literario de la CNA y su obra fue publicada en Gran Breta\u00f1a y los EE.UU. Tambi\u00e9n su obra Esperando a los b\u00e1rbaros (1980) recibi\u00f3 la atenci\u00f3n internacional, pero su reputaci\u00f3n fue confirmada por la Vida y \u00e9poca de Michael K (1983), que gan\u00f3 el Premio Booker de Gran Breta\u00f1a. Fue seguido por Foe (1986), la Edad de Hierro (1990), El maestro de Petersburgo (1994), y Disgrace (1999), que volvi\u00f3 a ganar el Premio Booker. Fue el primer escritor galardonado en dos ocasiones con este \u00faltimo premio, considerado el m\u00e1s prestigioso de la literatura en lengua inglesa. En octubre de 2003, recibi\u00f3 una distinci\u00f3n especial que lo coloca en un lugar de importancia y prestigio, al alcanzar el P remio Nobel de Literatura.<\/p>\n<p>Sobre Auster<\/p>\n<p>De profesi\u00f3n escritor, y de origen estadounidense, Paul Auster empez\u00f3 a escribir a los 12 a\u00f1os, antes incluso de descubrir el b\u00e9isbol, que tanto aparece en sus novelas. Entre 1965 y 1967, estudi\u00f3 literatura francesa, italiana e inglesa en la Universidad de Columbia de Nueva York. En 1982 escribi\u00f3 su primera novela \u00abLa invenci\u00f3n de la soledad\u00bb, una obra autobiogr\u00e1fica dividida en dos partes \u00abRetrato de un hombre invisible\u00bb y \u00abEl libro de la memoria\u00bb. Tiempo despu\u00e9s, en el a\u00f1o 1987 aparece su libro de cuentos \u00abLa trilog\u00eda de Nueva York\u00bb. Luego de grandes publicaciones y tras el \u00e9xito obtenido en Espa\u00f1a con \u00abEl libro de las alucinaciones\u00bb, donde narra las vidas cruzadas de David Zimmer, un escritor que intenta salir a flote, y Hector Mann, un cineasta desaparecido, consigui\u00f3 ser libro del a\u00f1o en 2003. En 2006, el escritor f ue galardonado con el Premio Pr\u00edncipe de Asturias de las Letras.<\/p>\n<p>Foto: La diputada Diana Mart\u00ednez Barrios (PRO) entreg\u00f3 el diploma de Hu\u00e9spedes de Honor de la Ciudad de Buenos Aires a los reconocidos escritores<\/p>\n","protected":false},"excerpt":{"rendered":"<p>A trav\u00e9s de una iniciativa de los diputados Cristian Ritondo y Diana Mart\u00ednez Barrios (PRO) fueron declarados como Hu\u00e9spedes de Honor de la Ciudad de Buenos Aires los escritores Paul Auster y John M. Coetzee, quienes brindaron una charla en la 40\u00b0 edici\u00f3n de la Feria del Libro, que se desarrolla hasta el 12 de [&hellip;]<\/p>\n","protected":false},"author":2,"featured_media":23112,"comment_status":"open","ping_status":"open","sticky":false,"template":"","format":"standard","meta":{"_et_pb_use_builder":"","_et_pb_old_content":"","_et_gb_content_width":"","footnotes":""},"categories":[11,44],"tags":[],"class_list":["post-23111","post","type-post","status-publish","format-standard","has-post-thumbnail","hentry","category-ciudad","category-funcionarios-de-la-caba"],"_links":{"self":[{"href":"https:\/\/vocesdebaires.com.ar\/index.php\/wp-json\/wp\/v2\/posts\/23111"}],"collection":[{"href":"https:\/\/vocesdebaires.com.ar\/index.php\/wp-json\/wp\/v2\/posts"}],"about":[{"href":"https:\/\/vocesdebaires.com.ar\/index.php\/wp-json\/wp\/v2\/types\/post"}],"author":[{"embeddable":true,"href":"https:\/\/vocesdebaires.com.ar\/index.php\/wp-json\/wp\/v2\/users\/2"}],"replies":[{"embeddable":true,"href":"https:\/\/vocesdebaires.com.ar\/index.php\/wp-json\/wp\/v2\/comments?post=23111"}],"version-history":[{"count":0,"href":"https:\/\/vocesdebaires.com.ar\/index.php\/wp-json\/wp\/v2\/posts\/23111\/revisions"}],"wp:featuredmedia":[{"embeddable":true,"href":"https:\/\/vocesdebaires.com.ar\/index.php\/wp-json\/wp\/v2\/media\/23112"}],"wp:attachment":[{"href":"https:\/\/vocesdebaires.com.ar\/index.php\/wp-json\/wp\/v2\/media?parent=23111"}],"wp:term":[{"taxonomy":"category","embeddable":true,"href":"https:\/\/vocesdebaires.com.ar\/index.php\/wp-json\/wp\/v2\/categories?post=23111"},{"taxonomy":"post_tag","embeddable":true,"href":"https:\/\/vocesdebaires.com.ar\/index.php\/wp-json\/wp\/v2\/tags?post=23111"}],"curies":[{"name":"wp","href":"https:\/\/api.w.org\/{rel}","templated":true}]}}