{"id":23113,"date":"2014-04-29T12:03:19","date_gmt":"2014-04-29T15:03:19","guid":{"rendered":"http:\/\/vocesdebaires.com.ar\/wordpress\/index.php\/2014\/04\/29\/vecinosrehenes-de-la-mafia-de-los-cuidacoches\/"},"modified":"2014-04-29T12:03:19","modified_gmt":"2014-04-29T15:03:19","slug":"vecinosrehenes-de-la-mafia-de-los-cuidacoches","status":"publish","type":"post","link":"https:\/\/vocesdebaires.com.ar\/index.php\/2014\/04\/29\/vecinosrehenes-de-la-mafia-de-los-cuidacoches\/","title":{"rendered":"Vecinos:Rehenes de la mafia de los \u00abcuidacoches\u00bb"},"content":{"rendered":"<p><span style=\"line-height: 1.3em;\">El legislador PRO, Roberto Quattromano, asegur\u00f3 que \u00abmientras la oposici\u00f3n sigue poniendo trabas, los vecinos son rehenes de la mafia de los cuidacoches\u00bb, luego de conocer la nueva modalidad de quienes desarrollan esta actividad en la zona de La Rural (Palermo), con el uso de chalecos ilegales y sin controles que les llamaran la atenci\u00f3n.<\/span><\/p>\n<p><span style=\"line-height: 1.3em;\">\u00abEs una modalidad que no va a parar hasta que no tengamos la ley aprobada. Estas mafias se enteran de acontecimientos, se instalan en el lugar y comienzan a extorsionar a los automovilistas que pretenden estacionar en lugares habilitados\u00bb, sostuvo Quattromano.<\/span><\/p>\n<p><span style=\"line-height: 1.3em;\">Y reiter\u00f3: \u00abDebemos tener una ley que nos cuide, por eso tenemos que tomar conciencia de estas acciones y darnos cuenta que no se puede vivir siendo extorsionados por personas que se adue\u00f1aron del espacio p\u00fablico. Los porte\u00f1os nos votaron para que legislemos para ellos \u00a0y no para estas mafias\u00bb.<\/span><\/p>\n","protected":false},"excerpt":{"rendered":"<p>El legislador PRO, Roberto Quattromano, asegur\u00f3 que \u00abmientras la oposici\u00f3n sigue poniendo trabas, los vecinos son rehenes de la mafia de los cuidacoches\u00bb, luego de conocer la nueva modalidad de quienes desarrollan esta actividad en la zona de La Rural (Palermo), con el uso de chalecos ilegales y sin controles que les llamaran la atenci\u00f3n. [&hellip;]<\/p>\n","protected":false},"author":2,"featured_media":22248,"comment_status":"open","ping_status":"open","sticky":false,"template":"","format":"standard","meta":{"_et_pb_use_builder":"","_et_pb_old_content":"","_et_gb_content_width":"","footnotes":""},"categories":[11,44],"tags":[],"class_list":["post-23113","post","type-post","status-publish","format-standard","has-post-thumbnail","hentry","category-ciudad","category-funcionarios-de-la-caba"],"_links":{"self":[{"href":"https:\/\/vocesdebaires.com.ar\/index.php\/wp-json\/wp\/v2\/posts\/23113"}],"collection":[{"href":"https:\/\/vocesdebaires.com.ar\/index.php\/wp-json\/wp\/v2\/posts"}],"about":[{"href":"https:\/\/vocesdebaires.com.ar\/index.php\/wp-json\/wp\/v2\/types\/post"}],"author":[{"embeddable":true,"href":"https:\/\/vocesdebaires.com.ar\/index.php\/wp-json\/wp\/v2\/users\/2"}],"replies":[{"embeddable":true,"href":"https:\/\/vocesdebaires.com.ar\/index.php\/wp-json\/wp\/v2\/comments?post=23113"}],"version-history":[{"count":0,"href":"https:\/\/vocesdebaires.com.ar\/index.php\/wp-json\/wp\/v2\/posts\/23113\/revisions"}],"wp:featuredmedia":[{"embeddable":true,"href":"https:\/\/vocesdebaires.com.ar\/index.php\/wp-json\/wp\/v2\/media\/22248"}],"wp:attachment":[{"href":"https:\/\/vocesdebaires.com.ar\/index.php\/wp-json\/wp\/v2\/media?parent=23113"}],"wp:term":[{"taxonomy":"category","embeddable":true,"href":"https:\/\/vocesdebaires.com.ar\/index.php\/wp-json\/wp\/v2\/categories?post=23113"},{"taxonomy":"post_tag","embeddable":true,"href":"https:\/\/vocesdebaires.com.ar\/index.php\/wp-json\/wp\/v2\/tags?post=23113"}],"curies":[{"name":"wp","href":"https:\/\/api.w.org\/{rel}","templated":true}]}}