{"id":23136,"date":"2014-04-30T20:24:13","date_gmt":"2014-04-30T23:24:13","guid":{"rendered":"http:\/\/vocesdebaires.com.ar\/wordpress\/index.php\/2014\/04\/30\/macri-aseguro-que-va-a-gobernar-la-argentina\/"},"modified":"2014-04-30T20:24:13","modified_gmt":"2014-04-30T23:24:13","slug":"macri-aseguro-que-va-a-gobernar-la-argentina","status":"publish","type":"post","link":"https:\/\/vocesdebaires.com.ar\/index.php\/2014\/04\/30\/macri-aseguro-que-va-a-gobernar-la-argentina\/","title":{"rendered":"Macri asegur\u00f3 que va a \u201cgobernar la Argentina\u201d"},"content":{"rendered":"<p><span style=\"line-height: 1.3em;\">Con la vista puesta en las presidenciales de 2015, el jefe de Gobierno porte\u00f1o, Mauricio Macri, recorri\u00f3 ayer el municipio bonaerense de Avellaneda y se mostr\u00f3 confiado con las posibilidades del PRO en las pr\u00f3ximas elecciones.<\/span><span style=\"line-height: 1.3em;\">\u201cLa gesti\u00f3n en la Ciudad de Buenos Aires hizo que la gente haya vuelto a confiar en lo p\u00fablico\u201d, asegur\u00f3 Macri y lanz\u00f3: \u201cCada vez m\u00e1s personas se comprometen con esta tercera v\u00eda que es un tsunami que nos va a llevar a tener la posibilidad de gobernar la Argentina\u201d.<\/span><\/p>\n<p><span style=\"line-height: 1.3em;\">Durante su recorrida por Avellaneda, en la que estuvo acompa\u00f1ado por el referente local Daniel Garc\u00eda, el jefe de Gobierno porte\u00f1o visit\u00f3 un comedor comunitario y diferentes casas de vecinos. \u201cSi queremos que las cosas cambien, hay que apostar a un grupo distinto de personas y no a los mismos que nos han gobernado hace 30 a\u00f1os\u201d, concluy\u00f3 Macri, quien sobre un supuesto acuerdo con el Frente Amplio UNEN aclar\u00f3: \u201cNo me veo en t\u00e9rminos de gesti\u00f3n diaria, pero s\u00ed acordando algunas pol\u00edticas\u201d.<\/span><\/p>\n","protected":false},"excerpt":{"rendered":"<p>Con la vista puesta en las presidenciales de 2015, el jefe de Gobierno porte\u00f1o, Mauricio Macri, recorri\u00f3 ayer el municipio bonaerense de Avellaneda y se mostr\u00f3 confiado con las posibilidades del PRO en las pr\u00f3ximas elecciones.\u201cLa gesti\u00f3n en la Ciudad de Buenos Aires hizo que la gente haya vuelto a confiar en lo p\u00fablico\u201d, asegur\u00f3 [&hellip;]<\/p>\n","protected":false},"author":2,"featured_media":23137,"comment_status":"open","ping_status":"open","sticky":false,"template":"","format":"standard","meta":{"_et_pb_use_builder":"","_et_pb_old_content":"","_et_gb_content_width":"","footnotes":""},"categories":[11,44],"tags":[],"class_list":["post-23136","post","type-post","status-publish","format-standard","has-post-thumbnail","hentry","category-ciudad","category-funcionarios-de-la-caba"],"_links":{"self":[{"href":"https:\/\/vocesdebaires.com.ar\/index.php\/wp-json\/wp\/v2\/posts\/23136"}],"collection":[{"href":"https:\/\/vocesdebaires.com.ar\/index.php\/wp-json\/wp\/v2\/posts"}],"about":[{"href":"https:\/\/vocesdebaires.com.ar\/index.php\/wp-json\/wp\/v2\/types\/post"}],"author":[{"embeddable":true,"href":"https:\/\/vocesdebaires.com.ar\/index.php\/wp-json\/wp\/v2\/users\/2"}],"replies":[{"embeddable":true,"href":"https:\/\/vocesdebaires.com.ar\/index.php\/wp-json\/wp\/v2\/comments?post=23136"}],"version-history":[{"count":0,"href":"https:\/\/vocesdebaires.com.ar\/index.php\/wp-json\/wp\/v2\/posts\/23136\/revisions"}],"wp:featuredmedia":[{"embeddable":true,"href":"https:\/\/vocesdebaires.com.ar\/index.php\/wp-json\/wp\/v2\/media\/23137"}],"wp:attachment":[{"href":"https:\/\/vocesdebaires.com.ar\/index.php\/wp-json\/wp\/v2\/media?parent=23136"}],"wp:term":[{"taxonomy":"category","embeddable":true,"href":"https:\/\/vocesdebaires.com.ar\/index.php\/wp-json\/wp\/v2\/categories?post=23136"},{"taxonomy":"post_tag","embeddable":true,"href":"https:\/\/vocesdebaires.com.ar\/index.php\/wp-json\/wp\/v2\/tags?post=23136"}],"curies":[{"name":"wp","href":"https:\/\/api.w.org\/{rel}","templated":true}]}}