{"id":2315,"date":"2020-05-01T03:00:00","date_gmt":"2020-05-01T06:00:00","guid":{"rendered":"http:\/\/vocesdebaires.com.ar\/wordpress\/index.php\/2020\/05\/01\/berni-comenzo-otra-recorrida-por-el-interior\/"},"modified":"2020-05-01T03:00:00","modified_gmt":"2020-05-01T06:00:00","slug":"berni-comenzo-otra-recorrida-por-el-interior","status":"publish","type":"post","link":"https:\/\/vocesdebaires.com.ar\/index.php\/2020\/05\/01\/berni-comenzo-otra-recorrida-por-el-interior\/","title":{"rendered":"Berni comenz\u00f3 otra recorrida por el interior"},"content":{"rendered":"<p>El ministro de Seguridad de la provincia de Buenos Aires, Sergio Berni, visit\u00f3 el partido de Salliquel\u00f3 para conocer de cerca la situaci\u00f3n de la regi\u00f3n en el marco de la emergencia sanitaria por el Covid-19\u00a0 y, junto al intendente local, Juan Miguel Nosetti, recorri\u00f3 el hospital local donde prepararon un \u00e1rea para atender a posibles pacientes afectados por el coronavirus. \u201cFelicitamos al municipio por todo lo hecho en esta cuarentena, por su compromiso, responsabilidad y eficiencia\u201d, sostuvo el Ministro, quien afirm\u00f3 que \u00abla ciudad hoy no tiene circulaci\u00f3n viral y no es casualidad\u00bb.<\/p>\n<p>\u00abEstamos recorriendo cada una de las localidades porque el interior es muy importante para nosotros y queremos verlos cara a cara\u00bb, indic\u00f3 el funcionario quien agreg\u00f3 que \u00abtenemos que poner nuestro mayor esfuerzo y estar todos juntos para combatir a esta pandemia que paraliz\u00f3 al mundo\u00bb. Adem\u00e1s, el\u00a0 titular de la cartera de Seguridad manifest\u00f3 que \u00abseguimos fortaleciendo el sistema de salud con recursos humanos e insumos. Por esa raz\u00f3n, la Provincia\u00a0 se adelant\u00f3 y envi\u00f3 cuatro aviones a China para distribuir esos materiales en\u00a0 cada localidad\u00bb. Durante su paso por Salliquel\u00f3, Berni se reuni\u00f3 con representantes del gabinete municipal para conocer las tareas llevadas a cabo en el distrito.<\/p>\n","protected":false},"excerpt":{"rendered":"<p>El ministro de Seguridad de la provincia de Buenos Aires, Sergio Berni, visit\u00f3 el partido de Salliquel\u00f3 para conocer de cerca la situaci\u00f3n de la regi\u00f3n en el marco de la emergencia sanitaria por el Covid-19\u00a0 y, junto al intendente local, Juan Miguel Nosetti, recorri\u00f3 el hospital local donde prepararon un \u00e1rea para atender a [&hellip;]<\/p>\n","protected":false},"author":1,"featured_media":2316,"comment_status":"open","ping_status":"open","sticky":false,"template":"","format":"standard","meta":{"_et_pb_use_builder":"","_et_pb_old_content":"","_et_gb_content_width":"","footnotes":""},"categories":[34,13],"tags":[],"class_list":["post-2315","post","type-post","status-publish","format-standard","has-post-thumbnail","hentry","category-politica","category-provincia"],"_links":{"self":[{"href":"https:\/\/vocesdebaires.com.ar\/index.php\/wp-json\/wp\/v2\/posts\/2315"}],"collection":[{"href":"https:\/\/vocesdebaires.com.ar\/index.php\/wp-json\/wp\/v2\/posts"}],"about":[{"href":"https:\/\/vocesdebaires.com.ar\/index.php\/wp-json\/wp\/v2\/types\/post"}],"author":[{"embeddable":true,"href":"https:\/\/vocesdebaires.com.ar\/index.php\/wp-json\/wp\/v2\/users\/1"}],"replies":[{"embeddable":true,"href":"https:\/\/vocesdebaires.com.ar\/index.php\/wp-json\/wp\/v2\/comments?post=2315"}],"version-history":[{"count":0,"href":"https:\/\/vocesdebaires.com.ar\/index.php\/wp-json\/wp\/v2\/posts\/2315\/revisions"}],"wp:featuredmedia":[{"embeddable":true,"href":"https:\/\/vocesdebaires.com.ar\/index.php\/wp-json\/wp\/v2\/media\/2316"}],"wp:attachment":[{"href":"https:\/\/vocesdebaires.com.ar\/index.php\/wp-json\/wp\/v2\/media?parent=2315"}],"wp:term":[{"taxonomy":"category","embeddable":true,"href":"https:\/\/vocesdebaires.com.ar\/index.php\/wp-json\/wp\/v2\/categories?post=2315"},{"taxonomy":"post_tag","embeddable":true,"href":"https:\/\/vocesdebaires.com.ar\/index.php\/wp-json\/wp\/v2\/tags?post=2315"}],"curies":[{"name":"wp","href":"https:\/\/api.w.org\/{rel}","templated":true}]}}