{"id":23180,"date":"2014-05-07T12:12:02","date_gmt":"2014-05-07T15:12:02","guid":{"rendered":"http:\/\/vocesdebaires.com.ar\/wordpress\/index.php\/2014\/05\/07\/presentacion-proyecto-para-prohibir-cuidacoches-y-limpiavidrios\/"},"modified":"2014-05-07T12:12:02","modified_gmt":"2014-05-07T15:12:02","slug":"presentacion-proyecto-para-prohibir-cuidacoches-y-limpiavidrios","status":"publish","type":"post","link":"https:\/\/vocesdebaires.com.ar\/index.php\/2014\/05\/07\/presentacion-proyecto-para-prohibir-cuidacoches-y-limpiavidrios\/","title":{"rendered":"Presentaci\u00f3n: Proyecto para prohibir cuidacoches y limpiavidrios"},"content":{"rendered":"<p><span style=\"line-height: 1.3em;\">El Vicepresidente Primero de la Legislatura de la Ciudad Aut\u00f3noma de Buenos Aires, diputado Cristian Ritondo (PRO), junto al Senador de la provincia de Buenos Aires, Jorge D Onofrio (Frente Renovador) y al diputado de ese distrito Mauricio D Alessandro, presentaron ayer a la noche el proyecto de ley -Expediente N\u00ba 2726\/13- que proh\u00edbe la actividad de los cuidacoches y limpiavidrios en el \u00e1mbito de la Capital Federal.<\/span><span style=\"line-height: 1.3em;\">El evento que se realiz\u00f3 en el Sal\u00f3n \u00abPresidente Per\u00f3n\u00bb situado en la planta baja del Palacio Legislativo, cont\u00f3 adem\u00e1s con la participaci\u00f3n del coautor de la iniciativa, Roberto Quattromano (PRO), el titular de la Comisi\u00f3n parlamentaria de Justicia, Francisco Quintana; el legislador Helio Rebot (PRO), la ex presidenta de la Asociaci\u00f3n Fomento Barrio Parque General Belgrano y Nueva Belgrano, Ana Luisa Palasu y Lucia Careu, representante de los vecinos de Palermo, una de las zonas m\u00e1s afectadas por los cuidacoches.<\/span><\/p>\n<p>La iniciativa de Ritondo y Quattromano (PRO) postula que \u00abquien ofrece de manera directa o indirecta el servicio de cuidacoches, limpiavidrios u otro tipo de servicios no requeridos a conductores de cualquier tipo de automotor en la v\u00eda p\u00fablica sin autorizaci\u00f3n legal, ser\u00e1 sancionado 1 a 5 d\u00edas de arresto o multa de 200 a 2000 pesos. Cuando exista previa coordinaci\u00f3n, la sanci\u00f3n se eleva al doble para quienes de cualquier modo participen en la misma. La sanci\u00f3n se eleva al triple para los organizadores o jefes de la organizaci\u00f3n\u00bb. Esto modificar\u00eda el art\u00edculo 79 del C\u00f3digo Contravencional de la Ciudad.<span style=\"line-height: 1.3em;\">Tambi\u00e9n se propone la modificaci\u00f3n del art\u00edculo 52 del C\u00f3digo Contravencional de la Ciudad para penar a quien \u00abintimida u hostiga de modo amenazante o maltrata f\u00edsicamente a otro, siempre que el hecho no constituya delito, con sanci\u00f3n de cinco (5) a veinte (20) d\u00edas de arresto\u00bb.<\/span><span style=\"line-height: 1.3em;\">Ritondo: \u201cson mafias que se adue\u00f1an del espacio p\u00fablico y lo usufruct\u00faan\u00bb<\/span><\/p>\n<p>Al iniciar la presentaci\u00f3n Ritondo agradeci\u00f3 a los legisladores de la provincia de Buenos Aires que apoyaron con su presencia el proyecto \u201csin pertenecer al mismo partido pol\u00edtico pero compartiendo ideas sobre problem\u00e1ticas del \u00c1rea Metropolitana Buenos Aires\u201d. Tambi\u00e9n destac\u00f3 la presencia de representantes de asociaciones vecinales que trabajan diariamente en esta problem\u00e1tica y agradeci\u00f3 a la conducci\u00f3n de la Polic\u00eda Metropolitana, a los jefes comunales y vecinos presentes.<\/p>\n<p>\u201cNo es la primera vez que tratamos este proyecto sobre esta problem\u00e1tica extendida en las grandes urbes, com\u00fan a porte\u00f1os, cordobeses, santafesinos, entre otros distritos\u201d, dijo el legislador y agreg\u00f3: \u201cson mafias que se adue\u00f1an del espacio p\u00fablico y lo usufruct\u00faan. Sostuvo que la iniciativa pretende que \u201clas mujeres puedan parar tranquilas en los sem\u00e1foros, que todos puedan ir tranquilos a un recital en Buenos Aires y que a nadie lo extorsionen en el espacio p\u00fablico\u201d.<\/p>\n<p>El Vicepresidente Primero record\u00f3 el \u00faltimo caso ocurrido con un recital gratuito multitudinario organizado por el Gobierno porte\u00f1o en el que los cuidacoches cobraban seg\u00fan las cuadras. Adem\u00e1s, afirm\u00f3: \u201cqueremos que el espacio p\u00fablico vuelva a ser de todos y esperemos que esta vez, la cuarta que presentamos el proyecto, esta Legislatura lo trate y lo apruebe\u201d.<span style=\"line-height: 1.3em;\">\u201cLa Polic\u00eda Metropolitana deber\u00e1 actuar en acuerdo con el nuevo Fiscal General, Mart\u00edn Ocampo y esperemos que as\u00ed lo haga tambi\u00e9n la Polic\u00eda Federal\u201d, detall\u00f3 Ritondo y explic\u00f3 que \u201cs\u00f3lo los que est\u00e9n autorizados en algunos barrios como Palermo, parque Rivadavia, personas mayores conocidas por los vecinos, podr\u00e1n ejercer esta actividad de cuidar coches\u201d. <\/span><\/p>\n<p>Quintana: \u201cning\u00fan particular puede decidir tarifar lo que es de todos\u201d.<span style=\"line-height: 1.3em;\">En su intervenci\u00f3n el diputado Quintana asegur\u00f3 que en la Comisi\u00f3n de Justicia que preside se realizar\u00e1 un tratamiento \u201ccon amplio debate del proyecto\u201d y consider\u00f3 que \u201cning\u00fan particular puede decidir tarifar lo que es de todos\u201d.<\/span><\/p>\n<p>Por otro lado, el diputado bonaerense D Alessandro asegur\u00f3 que \u201ceste proyecto es una buena forma de trabajar con la provincia de Buenos Aires y felicito el trabajo mancomunado\u201d. En tanto, el senador D Onofrio subray\u00f3 que \u201cel derecho a trabajar de algunos, que reclaman los cuidacoches, no puede avasallar el derecho del otro y no puede persistir la ausencia del Estado en este tema que provoca malestar social\u201d.<span style=\"line-height: 1.3em;\">Finalmente, las dos vecinas representantes de organizaciones barriales apoyaron la iniciativa legislativa y recordaron que los cuidacoches generan situaciones violentas diariamente y reclamaron a los diputados que no estuvieron hoy presentes que voten favorablemente la ley. <\/span><\/p>\n","protected":false},"excerpt":{"rendered":"<p>El Vicepresidente Primero de la Legislatura de la Ciudad Aut\u00f3noma de Buenos Aires, diputado Cristian Ritondo (PRO), junto al Senador de la provincia de Buenos Aires, Jorge D Onofrio (Frente Renovador) y al diputado de ese distrito Mauricio D Alessandro, presentaron ayer a la noche el proyecto de ley -Expediente N\u00ba 2726\/13- que proh\u00edbe la [&hellip;]<\/p>\n","protected":false},"author":2,"featured_media":23181,"comment_status":"open","ping_status":"open","sticky":false,"template":"","format":"standard","meta":{"_et_pb_use_builder":"","_et_pb_old_content":"","_et_gb_content_width":"","footnotes":""},"categories":[11,44],"tags":[],"class_list":["post-23180","post","type-post","status-publish","format-standard","has-post-thumbnail","hentry","category-ciudad","category-funcionarios-de-la-caba"],"_links":{"self":[{"href":"https:\/\/vocesdebaires.com.ar\/index.php\/wp-json\/wp\/v2\/posts\/23180"}],"collection":[{"href":"https:\/\/vocesdebaires.com.ar\/index.php\/wp-json\/wp\/v2\/posts"}],"about":[{"href":"https:\/\/vocesdebaires.com.ar\/index.php\/wp-json\/wp\/v2\/types\/post"}],"author":[{"embeddable":true,"href":"https:\/\/vocesdebaires.com.ar\/index.php\/wp-json\/wp\/v2\/users\/2"}],"replies":[{"embeddable":true,"href":"https:\/\/vocesdebaires.com.ar\/index.php\/wp-json\/wp\/v2\/comments?post=23180"}],"version-history":[{"count":0,"href":"https:\/\/vocesdebaires.com.ar\/index.php\/wp-json\/wp\/v2\/posts\/23180\/revisions"}],"wp:featuredmedia":[{"embeddable":true,"href":"https:\/\/vocesdebaires.com.ar\/index.php\/wp-json\/wp\/v2\/media\/23181"}],"wp:attachment":[{"href":"https:\/\/vocesdebaires.com.ar\/index.php\/wp-json\/wp\/v2\/media?parent=23180"}],"wp:term":[{"taxonomy":"category","embeddable":true,"href":"https:\/\/vocesdebaires.com.ar\/index.php\/wp-json\/wp\/v2\/categories?post=23180"},{"taxonomy":"post_tag","embeddable":true,"href":"https:\/\/vocesdebaires.com.ar\/index.php\/wp-json\/wp\/v2\/tags?post=23180"}],"curies":[{"name":"wp","href":"https:\/\/api.w.org\/{rel}","templated":true}]}}