{"id":23184,"date":"2014-05-07T13:03:39","date_gmt":"2014-05-07T16:03:39","guid":{"rendered":"http:\/\/vocesdebaires.com.ar\/wordpress\/index.php\/2014\/05\/07\/informes-2014-cambio-climatico-del-ipcc-onu\/"},"modified":"2014-05-07T13:03:39","modified_gmt":"2014-05-07T16:03:39","slug":"informes-2014-cambio-climatico-del-ipcc-onu","status":"publish","type":"post","link":"https:\/\/vocesdebaires.com.ar\/index.php\/2014\/05\/07\/informes-2014-cambio-climatico-del-ipcc-onu\/","title":{"rendered":"Informes 2014: Cambio Clim\u00e1tico del IPCC-ONU"},"content":{"rendered":"<p><span style=\"line-height: 1.3em;\">Se realiz\u00f3 en la Legislatura de la Ciudad Aut\u00f3noma de Buenos Aires la Mesa de Trabajo sobre los Informes 2014 del IPCC (Panel Intergubernamental sobre Cambio Clim\u00e1tico de la ONU), organizada por la Comisi\u00f3n Especial de Cambio Clim\u00e1tico, presidida por el diputado Pablo Bergel (Bloque VerdeAlameda).<\/span><span style=\"line-height: 1.3em;\">La misma cont\u00f3 con la participaci\u00f3n del Dr. Vicente Barros, Copresidente del Grupo II del IPCC, la Dra. In\u00e9s Camilloni, integrante del Grupo I del IPCC, el Ing. Gabriel Blanco, autor y coordinador del Grupo de Trabajo III del IPCC y el Dr. Ra\u00fal Estrada Oyuela, de la Academia Argentina de Ciencias del Ambiente.<\/span><\/p>\n<p><span style=\"line-height: 1.3em;\">La apertura estuvo a cargo del diputado Bergel, quien present\u00f3 a los oradores y se\u00f1al\u00f3: \u201cEl cambio clim\u00e1tico lleg\u00f3 para quedarse y es un tema que nos va a seguir acompa\u00f1ando con intensidad y frecuencia creciente. Todos los graves problemas de la Ciudad como inundaciones, picos de calor, cortes de energ\u00eda, y muchos otros, son crisis y conflictos en los que nos tropezamos crecientemente con este fen\u00f3meno imparable\u201d.<\/span><span style=\"line-height: 1.3em;\"> <\/span><span style=\"line-height: 1.3em;\">El primer expositor fue el Dr. Barros, quien hizo referencia al trabajo de los Grupos I y II del IPCC, sobre cambios, impactos y manejo de riesgo clim\u00e1tico. El investigador destac\u00f3 la necesidad de generar estrategias de adaptaci\u00f3n a nivel local, manejando todos los escenarios posibles, tanto los m\u00e1s moderados, como los m\u00e1s extremos. \u201cNo alcanza con tomar medidas de adaptaci\u00f3n, sino que hay que monitorearlas, tiene que ser un proceso continuo\u201d, concluy\u00f3.<\/span><\/p>\n<p>A su turno, el Ing. Blanco habl\u00f3 sobre la gran aceleraci\u00f3n del nivel de emisiones de gases de efecto invernadero en la \u00faltima d\u00e9cada y acerca de la importancia de implementar fuentes de energ\u00edas renovables, ya que la principal fuente de emisiones sigue siendo la combusti\u00f3n de combustibles f\u00f3siles. \u201cNo hay tiempo de mirar para el costado, tenemos que discutir qu\u00e9 tipo de modelo de desarrollo queremos\u201d, agreg\u00f3.<span style=\"line-height: 1.3em;\">Por su parte, la Dra. Camillioni, explic\u00f3 el trabajo del Grupo I del IPCC, a partir de estad\u00edsticas y simulaciones sobre las variaciones en la temperatura y en las precipitaciones. \u201cEl IPCC nos da informaci\u00f3n a nivel regional, pero debemos seguir avanzando con una impronta local\u201d, se\u00f1al\u00f3.<\/span><\/p>\n<p><span style=\"line-height: 1.3em;\">Por \u00faltimo, el Dr. Estrada Oyuela hizo referencia a la \u00a0fen\u00f3menos extremos en los distintos pa\u00edses y su relaci\u00f3n con las pol\u00edticas p\u00fablicas de mitigaci\u00f3n y adaptaci\u00f3n y se\u00f1al\u00f3 que es necesario que las medidas se tomen en conjunto. \u201cLa Ciudad de Buenos Aires debe hacerse cargo de que tiene que tomar medidas y poner en pr\u00e1ctica su plan sobre cambio clim\u00e1tico, que est\u00e1 atrasado desde el 2009\u201d.<\/span><span style=\"line-height: 1.3em;\">Hacia el cierre de la actividad, el diputado Bergel expres\u00f3: \u201cEstamos obligados \u00a0a revisar el estilo de ciudad que construimos, y generar nuevas pol\u00edticas de Estado a mediano y largo plazo en temas de planeamiento urbano, construcci\u00f3n, infraestructura, transporte, espacios verdes, residuos, energ\u00eda, alimentaci\u00f3n, salud p\u00fablica y todos los que \u00a0forman la agenda cotidiana de nuestras vidas y de las futuras generaciones, todas cruzadas por este fen\u00f3meno del calentamiento global\u201d.<\/span><\/p>\n","protected":false},"excerpt":{"rendered":"<p>Se realiz\u00f3 en la Legislatura de la Ciudad Aut\u00f3noma de Buenos Aires la Mesa de Trabajo sobre los Informes 2014 del IPCC (Panel Intergubernamental sobre Cambio Clim\u00e1tico de la ONU), organizada por la Comisi\u00f3n Especial de Cambio Clim\u00e1tico, presidida por el diputado Pablo Bergel (Bloque VerdeAlameda).La misma cont\u00f3 con la participaci\u00f3n del Dr. Vicente Barros, [&hellip;]<\/p>\n","protected":false},"author":2,"featured_media":23185,"comment_status":"open","ping_status":"open","sticky":false,"template":"","format":"standard","meta":{"_et_pb_use_builder":"","_et_pb_old_content":"","_et_gb_content_width":"","footnotes":""},"categories":[11,44],"tags":[],"class_list":["post-23184","post","type-post","status-publish","format-standard","has-post-thumbnail","hentry","category-ciudad","category-funcionarios-de-la-caba"],"_links":{"self":[{"href":"https:\/\/vocesdebaires.com.ar\/index.php\/wp-json\/wp\/v2\/posts\/23184"}],"collection":[{"href":"https:\/\/vocesdebaires.com.ar\/index.php\/wp-json\/wp\/v2\/posts"}],"about":[{"href":"https:\/\/vocesdebaires.com.ar\/index.php\/wp-json\/wp\/v2\/types\/post"}],"author":[{"embeddable":true,"href":"https:\/\/vocesdebaires.com.ar\/index.php\/wp-json\/wp\/v2\/users\/2"}],"replies":[{"embeddable":true,"href":"https:\/\/vocesdebaires.com.ar\/index.php\/wp-json\/wp\/v2\/comments?post=23184"}],"version-history":[{"count":0,"href":"https:\/\/vocesdebaires.com.ar\/index.php\/wp-json\/wp\/v2\/posts\/23184\/revisions"}],"wp:featuredmedia":[{"embeddable":true,"href":"https:\/\/vocesdebaires.com.ar\/index.php\/wp-json\/wp\/v2\/media\/23185"}],"wp:attachment":[{"href":"https:\/\/vocesdebaires.com.ar\/index.php\/wp-json\/wp\/v2\/media?parent=23184"}],"wp:term":[{"taxonomy":"category","embeddable":true,"href":"https:\/\/vocesdebaires.com.ar\/index.php\/wp-json\/wp\/v2\/categories?post=23184"},{"taxonomy":"post_tag","embeddable":true,"href":"https:\/\/vocesdebaires.com.ar\/index.php\/wp-json\/wp\/v2\/tags?post=23184"}],"curies":[{"name":"wp","href":"https:\/\/api.w.org\/{rel}","templated":true}]}}