{"id":23221,"date":"2014-05-09T16:04:47","date_gmt":"2014-05-09T19:04:47","guid":{"rendered":"http:\/\/vocesdebaires.com.ar\/wordpress\/index.php\/2014\/05\/09\/autorizacion-para-emitir-deuda-publica\/"},"modified":"2014-05-09T16:04:47","modified_gmt":"2014-05-09T19:04:47","slug":"autorizacion-para-emitir-deuda-publica","status":"publish","type":"post","link":"https:\/\/vocesdebaires.com.ar\/index.php\/2014\/05\/09\/autorizacion-para-emitir-deuda-publica\/","title":{"rendered":"Autorizaci\u00f3n para emitir deuda p\u00fablica"},"content":{"rendered":"<p><span style=\"line-height: 1.3em;\">La Legislatura porte\u00f1a sancion\u00f3 una ley que autoriza al Gobierno local a ampliar el Programa de Financiamiento en el Mercado Local creado por Ley N\u00ba 4.315, por un importe de hasta U$S 185 millones o su equivalente en pesos, otra u otras monedas. El Ejecutivo qued\u00f3 habilitado a trav\u00e9s del Ministerio de Hacienda, a contraer un empr\u00e9stito p\u00fablico representado por una o m\u00e1s emisiones de t\u00edtulos de deuda hasta alcanzar el monto permitido. La norma result\u00f3 aprobada por 33 votos positivos del PRO, Coalici\u00f3n C\u00edvica y Suma +, 21 negativos del FpV, FPP, MST, Verde Alameda, Nuevo Encuentro, FIT, Proyecto Sur y PSA, adem\u00e1s de dos abstenciones del bloque Confianza P\u00fablica.<\/span><\/p>\n<p>El producido de la emisi\u00f3n de los t\u00edtulos deber\u00e1 ser destinado a la amortizaci\u00f3n de deuda y permitir as\u00ed alcanzar a la Ciudad un mayor ordenamiento de su administraci\u00f3n financiera en el presente ejercicio. Entre los fundamentos del despacho de mayor\u00eda de la Comisi\u00f3n de Presupuesto firmado por el PRO, se subrayaba que \u00abla Ciudad realiz\u00f3 con \u00e9xito la colocaci\u00f3n de T\u00edtulos P\u00fablicos Clase \u00a0N\u00b0 1 y Clase N\u00b0 2 en el marco del Programa de Financiamiento en el Mercado Local, creado por Ley NC. 4.315 y ampliado mediante la Ley NC. 4.431, por un monto total u$s 185 millones cuyos vencimientos operan los d\u00edas 29 de abril y 27 de junio del corriente a\u00f1o respectivamente\u00bb.<\/p>\n<p>El art\u00edculo 11 de la Ley de Presupuesto para el Ejercicio 2014, prev\u00e9 la obtenci\u00f3n de pr\u00e9stamos y\/o colocaciones de deuda en moneda local y\/o extranjera en mercados locales y\/o internacionales, con destino a la renovaci\u00f3n de los vencimientos de deuda durante el corriente a\u00f1o. En tal sentido -seg\u00fan el dictamen de mayor\u00eda- y a fin de dar cumplimiento al programa presupuestario previsto en la Planilla Anexa \u00a0N\u00ba 44 de la Ley de Presupuesto -N\u00ba 4.809-, corresponde llevar a cabo la renovaci\u00f3n de las citadas Clases 1 y 2 con vencimientos en 2014.<\/p>\n<p>Los t\u00edtulos emitidos tendr\u00e1n, entre otras, las siguientes caracter\u00edsticas: d\u00f3lares estadounidenses, otra u otras monedas que se determine al momento de la fijaci\u00f3n del rendimiento de los t\u00edtulos; los que se denominen en moneda extranjera podr\u00e1n suscribirse, integrarse y cancelarse en pesos al tipo de cambio aplicable que se acuerde con el\/los colocador\/es respectivo\/s, y el plazo m\u00ednimo deber\u00e1 ser de un a\u00f1o.<\/p>\n<p>Adem\u00e1s, podr\u00e1n emitirse a su valor nominal o con descuento o prima respecto de su valor nominal; la tasa de inter\u00e9s podr\u00e1 ser fija o variable, con pagos de inter\u00e9s trimestrales, semestrales o anuales; los t\u00edtulos podr\u00e1n ser al portador, nominativos o escriturales, y\/o estar representados por uno o varios certificados globales depositados en entidades de registro del pa\u00eds o del exterior; y se emitir\u00e1n en las denominaciones que se acuerden con el\/los colocador\/es respectivo\/s. Por otra parte, podr\u00e1n rescatarse antes de su vencimiento, se amortizar\u00e1n a su vencimiento en un \u00fanico pago o en diversos pagos a realizar durante la vida de los t\u00edtulos y se podr\u00e1n emitir una o m\u00e1s clases y series, incluyendo su reapertura. En cuanto a la jurisdicci\u00f3n se regir\u00e1n por la ley argentina.<\/p>\n<p>Como parte del an\u00e1lisis se present\u00f3 en una reuni\u00f3n de diputados de la Comisi\u00f3n de Presupuesto el director de Cr\u00e9dito P\u00fablico a fin de informar sobre cuestiones referidas a la citada operaci\u00f3n, dando as\u00ed marco a lo establecido en el art. 168 del Reglamento Interno.<span style=\"line-height: 1.3em;\">En minor\u00eda, los bloques Frente para la Victoria, Nuevo Encuentro y Frente Progresista Popular, postulaban el archivo del expediente 678-J-14 argumentando que la operaci\u00f3n planteada \u00a0est\u00e1 nominada en d\u00f3lares, lo cual agrava la situaci\u00f3n de endeudamiento progresivo que la Ciudad registra desde los \u00faltimos a\u00f1os y que \u00abteniendo en cuenta las \u00faltimas ampliaciones presupuestarias solicitadas por el Poder Ejecutivo a esta Legislatura, la Ciudad contar\u00eda con los recursos necesarios para afrontar el pago de los vencimientos en cuesti\u00f3n\u00bb. Concluyen diciendo: \u00abvemos con preocupaci\u00f3n la tendencia al endeudamiento creciente de la Ciudad, la mayor participaci\u00f3n de instrumentos nominados en d\u00f3lares verificada durante la presente gesti\u00f3n y que consideramos innecesario el endeudamiento planteado\u00bb.<\/span><\/p>\n<p>En el recinto<\/p>\n<p>El presidente de la Comisi\u00f3n de Presupuesto, diputado Alejandro Garc\u00eda (PRO), expuso lineamientos del proyecto y expres\u00f3 que \u00abel total de la deuda exigible para la ciudad es del 17% de los recursos presupuestado para el ejercicio 2014\u00bb, y asegur\u00f3 que \u00abdentro de este esquema es que el presupuesto ha previsto la renovaci\u00f3n de los U$S 185 millones de deuda o su equivalente en pesos. El planteo es coherente con un esquema de endeudamiento para la ciudad\u00bb.<\/p>\n<p><span style=\"line-height: 1.3em;\">Por su parte el diputado Gabriel Fucks (FpV) destac\u00f3: \u00abNuestro bloque no se opone por simple definici\u00f3n a la emisi\u00f3n de t\u00edtulos, porque para la realizaci\u00f3n de obras la deuda s\u00ed es plausible. S\u00ed hemos votado favorablemente endeudamiento para obra. Se nos solicita hoy endeudamiento para pagar m\u00e1s deuda. La l\u00f3gica del PRO es aumentar el endeudamiento a\u00f1o tras a\u00f1o. Desde el 2008 al 2011 la deuda aument\u00f3 en 39% en relaci\u00f3n al Producto Bruto Geogr\u00e1fico. La ciudad estaba en proceso de desendeudamiento hasta 2007. Mientras a nivel nacional desde 2003 el pa\u00eds tuvo el proceso de mayor desendeudamiento de toda su historia, la ciudad incrementa el suyo\u00bb. <\/span><\/p>\n<p>En tanto, el firmante de una observaci\u00f3n al expediente, diputado Marcelo Ramal (FIT) que adelant\u00f3 su voto en contra, consider\u00f3 que \u00abla frontera del endeudamiento se acerca al orden del 27 % de los recursos que ingresan a la ciudad y adem\u00e1s se est\u00e1 contrayendo deuda para pagar otra deuda\u00bb. Por similares razones fundaron su rechazo al proyecto los diputados Javier Gentilini (Proyecto Sur) y Pablo Bergel (Verde Alameda).<\/p>\n<p><span style=\"line-height: 1.3em;\">La diputada Cristina Garc\u00eda (CC) que anticip\u00f3 la abstenci\u00f3n de su bloque, propuso que \u00abse planteen proyectos en la Legislatura a largo plazo de deuda responsable\u00bb. El interbloque UNEN, representado por el diputado Juan Nosiglia consider\u00f3 que no se \u00abdebe obstruir al Ejecutivo para que tenga sus finanzas ordenadas\u00bb y asegur\u00f3 que \u00ablas condiciones econ\u00f3micas de desaceleraci\u00f3n lo justifican\u00bb. Finalmente, adelant\u00f3 que ese bloque har\u00e1 un riguroso seguimiento de la ejecuci\u00f3n presupuestaria. <\/span><\/p>\n<p>Pedido de informes sobre Precios Cuidados<\/p>\n<p><span style=\"line-height: 1.3em;\">La Legislatura aprob\u00f3 una resoluci\u00f3n por la que el Poder Ejecutivo deber\u00e1 brindar un informe al cuerpo dentro de los 30 d\u00edas de recibida la norma, respecto de la aplicaci\u00f3n de una ley de la ciudad que sustentar\u00eda el Programa Precios Cuidados. El proyecto que obtuvo dictamen favorable de la Comisi\u00f3n de Defensa de los Consumidores fue presentado por el diputado Gabriel Fuks (FpV), quien destacaba entre los fundamentos que \u00abdicha ley nunca se llev\u00f3 a cabo\u00bb.<\/span><\/p>\n<p>Deber\u00e1 responder el Ejecutivo sobre la aplicaci\u00f3n efectiva de la ley N\u00b0 1493, promulgada hace casi 10 a\u00f1os, que estableci\u00f3 para la ciudad un Sistema de Informaci\u00f3n sobre Precios al Consumidor (SIPCo), no aplicada hasta el momento. La resoluci\u00f3n aprobada hoy determina que por mandato judicial de fecha 27 de junio de 2013 el Ejecutivo fue emplazado a implementar la normativa que establece el SIPCo, mediante el cual se obliga a los responsables de una serie de comercios a informar semanalmente a la autoridad de aplicaci\u00f3n sobre los precios de los productos que all\u00ed se expenden, public\u00e1ndola en Internet con acceso libre para cualquier persona f\u00edsica o jur\u00eddica.<\/p>\n","protected":false},"excerpt":{"rendered":"<p>La Legislatura porte\u00f1a sancion\u00f3 una ley que autoriza al Gobierno local a ampliar el Programa de Financiamiento en el Mercado Local creado por Ley N\u00ba 4.315, por un importe de hasta U$S 185 millones o su equivalente en pesos, otra u otras monedas. El Ejecutivo qued\u00f3 habilitado a trav\u00e9s del Ministerio de Hacienda, a contraer [&hellip;]<\/p>\n","protected":false},"author":2,"featured_media":23222,"comment_status":"open","ping_status":"open","sticky":false,"template":"","format":"standard","meta":{"_et_pb_use_builder":"","_et_pb_old_content":"","_et_gb_content_width":"","footnotes":""},"categories":[11,44],"tags":[],"class_list":["post-23221","post","type-post","status-publish","format-standard","has-post-thumbnail","hentry","category-ciudad","category-funcionarios-de-la-caba"],"_links":{"self":[{"href":"https:\/\/vocesdebaires.com.ar\/index.php\/wp-json\/wp\/v2\/posts\/23221"}],"collection":[{"href":"https:\/\/vocesdebaires.com.ar\/index.php\/wp-json\/wp\/v2\/posts"}],"about":[{"href":"https:\/\/vocesdebaires.com.ar\/index.php\/wp-json\/wp\/v2\/types\/post"}],"author":[{"embeddable":true,"href":"https:\/\/vocesdebaires.com.ar\/index.php\/wp-json\/wp\/v2\/users\/2"}],"replies":[{"embeddable":true,"href":"https:\/\/vocesdebaires.com.ar\/index.php\/wp-json\/wp\/v2\/comments?post=23221"}],"version-history":[{"count":0,"href":"https:\/\/vocesdebaires.com.ar\/index.php\/wp-json\/wp\/v2\/posts\/23221\/revisions"}],"wp:featuredmedia":[{"embeddable":true,"href":"https:\/\/vocesdebaires.com.ar\/index.php\/wp-json\/wp\/v2\/media\/23222"}],"wp:attachment":[{"href":"https:\/\/vocesdebaires.com.ar\/index.php\/wp-json\/wp\/v2\/media?parent=23221"}],"wp:term":[{"taxonomy":"category","embeddable":true,"href":"https:\/\/vocesdebaires.com.ar\/index.php\/wp-json\/wp\/v2\/categories?post=23221"},{"taxonomy":"post_tag","embeddable":true,"href":"https:\/\/vocesdebaires.com.ar\/index.php\/wp-json\/wp\/v2\/tags?post=23221"}],"curies":[{"name":"wp","href":"https:\/\/api.w.org\/{rel}","templated":true}]}}