{"id":23253,"date":"2014-05-13T14:58:43","date_gmt":"2014-05-13T17:58:43","guid":{"rendered":"http:\/\/vocesdebaires.com.ar\/wordpress\/index.php\/2014\/05\/13\/macri-firmo-un-convenio-de-cooperacion-con-la-daia\/"},"modified":"2014-05-13T14:58:43","modified_gmt":"2014-05-13T17:58:43","slug":"macri-firmo-un-convenio-de-cooperacion-con-la-daia","status":"publish","type":"post","link":"https:\/\/vocesdebaires.com.ar\/index.php\/2014\/05\/13\/macri-firmo-un-convenio-de-cooperacion-con-la-daia\/","title":{"rendered":"Macri firm\u00f3 un convenio de cooperaci\u00f3n con la DAIA"},"content":{"rendered":"<p><span style=\"line-height: 1.3em;\">El jefe de Gobierno de la Ciudad, Mauricio Macri, firm\u00f3 un convenio de cooperaci\u00f3n con la Delegaci\u00f3n de Asociaciones Israelitas Argentinas (DAIA), que se rubric\u00f3 durante un encuentro que mantuvo en el Palacio comunal con el presidente de esa entidad, Julio Schlosser.<\/span><\/p>\n<p><span style=\"line-height: 1.3em;\">El convenio de cooperaci\u00f3n tiene como objetivo refrendar diversas actividades que se vienen realizando en conjunto entre la Ciudad y la instituci\u00f3n, y de las que participan varios ministerios, secretar\u00edas y \u00a0la Direcci\u00f3n General de Cultos.<\/span><\/p>\n<p><span style=\"line-height: 1.3em;\">\u201cDesde que llegamos al Gobierno, nos propusimos celebrar la diversidad de Buenos Aires y desarrollar el potencial de cada una de las religiones y colectividades que viven aqu\u00ed, promoviendo sus valores y acompa\u00f1\u00e1ndolas. Con este convenio renovamos nuestro compromiso de seguir trabajando juntos por una cultura de di\u00e1logo y de encuentro para hacer juntos un futuro mejor para todos\u201d, destac\u00f3 Macri.<\/span><\/p>\n","protected":false},"excerpt":{"rendered":"<p>El jefe de Gobierno de la Ciudad, Mauricio Macri, firm\u00f3 un convenio de cooperaci\u00f3n con la Delegaci\u00f3n de Asociaciones Israelitas Argentinas (DAIA), que se rubric\u00f3 durante un encuentro que mantuvo en el Palacio comunal con el presidente de esa entidad, Julio Schlosser. El convenio de cooperaci\u00f3n tiene como objetivo refrendar diversas actividades que se vienen [&hellip;]<\/p>\n","protected":false},"author":2,"featured_media":23254,"comment_status":"open","ping_status":"open","sticky":false,"template":"","format":"standard","meta":{"_et_pb_use_builder":"","_et_pb_old_content":"","_et_gb_content_width":"","footnotes":""},"categories":[11,44],"tags":[],"class_list":["post-23253","post","type-post","status-publish","format-standard","has-post-thumbnail","hentry","category-ciudad","category-funcionarios-de-la-caba"],"_links":{"self":[{"href":"https:\/\/vocesdebaires.com.ar\/index.php\/wp-json\/wp\/v2\/posts\/23253"}],"collection":[{"href":"https:\/\/vocesdebaires.com.ar\/index.php\/wp-json\/wp\/v2\/posts"}],"about":[{"href":"https:\/\/vocesdebaires.com.ar\/index.php\/wp-json\/wp\/v2\/types\/post"}],"author":[{"embeddable":true,"href":"https:\/\/vocesdebaires.com.ar\/index.php\/wp-json\/wp\/v2\/users\/2"}],"replies":[{"embeddable":true,"href":"https:\/\/vocesdebaires.com.ar\/index.php\/wp-json\/wp\/v2\/comments?post=23253"}],"version-history":[{"count":0,"href":"https:\/\/vocesdebaires.com.ar\/index.php\/wp-json\/wp\/v2\/posts\/23253\/revisions"}],"wp:featuredmedia":[{"embeddable":true,"href":"https:\/\/vocesdebaires.com.ar\/index.php\/wp-json\/wp\/v2\/media\/23254"}],"wp:attachment":[{"href":"https:\/\/vocesdebaires.com.ar\/index.php\/wp-json\/wp\/v2\/media?parent=23253"}],"wp:term":[{"taxonomy":"category","embeddable":true,"href":"https:\/\/vocesdebaires.com.ar\/index.php\/wp-json\/wp\/v2\/categories?post=23253"},{"taxonomy":"post_tag","embeddable":true,"href":"https:\/\/vocesdebaires.com.ar\/index.php\/wp-json\/wp\/v2\/tags?post=23253"}],"curies":[{"name":"wp","href":"https:\/\/api.w.org\/{rel}","templated":true}]}}