{"id":23268,"date":"2014-05-14T12:52:00","date_gmt":"2014-05-14T15:52:00","guid":{"rendered":"http:\/\/vocesdebaires.com.ar\/wordpress\/index.php\/2014\/05\/14\/proponen-que-se-prohiba-fumar-mientras-se-maneja\/"},"modified":"2014-05-14T12:52:00","modified_gmt":"2014-05-14T15:52:00","slug":"proponen-que-se-prohiba-fumar-mientras-se-maneja","status":"publish","type":"post","link":"https:\/\/vocesdebaires.com.ar\/index.php\/2014\/05\/14\/proponen-que-se-prohiba-fumar-mientras-se-maneja\/","title":{"rendered":"Proponen que se proh\u00edba fumar mientras se maneja"},"content":{"rendered":"<p><span style=\"line-height: 1.3em;\">El diputado porte\u00f1o del PRO, Roberto Quattromano, y su compa\u00f1ero de bancada y vicepresidente 1\u00b0 del Cuerpo Legislativo, Cristian Ritondo, presentaron un proyecto para que se proh\u00edba fumar mientras se conduce.<\/span><span style=\"line-height: 1.3em;\">\u00abEl que maneja tiene que poner toda su atenci\u00f3n al volante, por eso cualquier distracci\u00f3n que surja puede poner en peligro su vida y la de terceros\u00bb, se\u00f1al\u00f3 Quattromano.<\/span><\/p>\n<p><span style=\"line-height: 1.3em;\">\u00abLa prohibici\u00f3n de fumar en los autos no solo apuntar\u00eda a combatir el tabaquismo y proteger a los fumadores pasivos, sino tambi\u00e9n a la seguridad vial. Es que est\u00e1 demostrado que fumar al manejar es riesgoso, de la misma manera que cualquier otra actividad que implique perder moment\u00e1neamente la concentraci\u00f3n al conducir, y especialmente dejar de mirar hacia adelante, lo mismo que sucede cuando se habla por celular o se mandan mensajes\u00bb, se\u00f1ala la iniciativa.<\/span><\/p>\n<p><span style=\"line-height: 1.3em;\">El proyecto 1062-D-2014 tambi\u00e9n menciona que los efectos del viento al mantener las ventanas abiertas para poder fumar pueden causar diversas situaciones de riesgo, como que las brasas del cigarro se desprendan y quemen el tapiz del veh\u00edculo, o que al momento de arrojar el cigarro por la ventana, \u00e9ste se devuelva encendido al interior del autom\u00f3vil.<\/span><\/p>\n","protected":false},"excerpt":{"rendered":"<p>El diputado porte\u00f1o del PRO, Roberto Quattromano, y su compa\u00f1ero de bancada y vicepresidente 1\u00b0 del Cuerpo Legislativo, Cristian Ritondo, presentaron un proyecto para que se proh\u00edba fumar mientras se conduce.\u00abEl que maneja tiene que poner toda su atenci\u00f3n al volante, por eso cualquier distracci\u00f3n que surja puede poner en peligro su vida y la [&hellip;]<\/p>\n","protected":false},"author":2,"featured_media":23269,"comment_status":"open","ping_status":"open","sticky":false,"template":"","format":"standard","meta":{"_et_pb_use_builder":"","_et_pb_old_content":"","_et_gb_content_width":"","footnotes":""},"categories":[11,44],"tags":[],"class_list":["post-23268","post","type-post","status-publish","format-standard","has-post-thumbnail","hentry","category-ciudad","category-funcionarios-de-la-caba"],"_links":{"self":[{"href":"https:\/\/vocesdebaires.com.ar\/index.php\/wp-json\/wp\/v2\/posts\/23268"}],"collection":[{"href":"https:\/\/vocesdebaires.com.ar\/index.php\/wp-json\/wp\/v2\/posts"}],"about":[{"href":"https:\/\/vocesdebaires.com.ar\/index.php\/wp-json\/wp\/v2\/types\/post"}],"author":[{"embeddable":true,"href":"https:\/\/vocesdebaires.com.ar\/index.php\/wp-json\/wp\/v2\/users\/2"}],"replies":[{"embeddable":true,"href":"https:\/\/vocesdebaires.com.ar\/index.php\/wp-json\/wp\/v2\/comments?post=23268"}],"version-history":[{"count":0,"href":"https:\/\/vocesdebaires.com.ar\/index.php\/wp-json\/wp\/v2\/posts\/23268\/revisions"}],"wp:featuredmedia":[{"embeddable":true,"href":"https:\/\/vocesdebaires.com.ar\/index.php\/wp-json\/wp\/v2\/media\/23269"}],"wp:attachment":[{"href":"https:\/\/vocesdebaires.com.ar\/index.php\/wp-json\/wp\/v2\/media?parent=23268"}],"wp:term":[{"taxonomy":"category","embeddable":true,"href":"https:\/\/vocesdebaires.com.ar\/index.php\/wp-json\/wp\/v2\/categories?post=23268"},{"taxonomy":"post_tag","embeddable":true,"href":"https:\/\/vocesdebaires.com.ar\/index.php\/wp-json\/wp\/v2\/tags?post=23268"}],"curies":[{"name":"wp","href":"https:\/\/api.w.org\/{rel}","templated":true}]}}