{"id":2327,"date":"2020-05-29T17:38:55","date_gmt":"2020-05-29T20:38:55","guid":{"rendered":"http:\/\/vocesdebaires.com.ar\/wordpress\/index.php\/2020\/05\/29\/sancionaron-una-ley-para-otorgar-titulo\/"},"modified":"2020-05-29T17:38:55","modified_gmt":"2020-05-29T20:38:55","slug":"sancionaron-una-ley-para-otorgar-titulo","status":"publish","type":"post","link":"https:\/\/vocesdebaires.com.ar\/index.php\/2020\/05\/29\/sancionaron-una-ley-para-otorgar-titulo\/","title":{"rendered":"Sancionaron una ley para otorgar  t\u00edtulo"},"content":{"rendered":"<p>A instancias de la legisladora\u00a0 Mar\u00eda Rosa Mui\u00f1os (FdT) y con amplia mayor\u00eda de votos, se sancion\u00f3 una ley que ampl\u00eda los rubros para el otorgamiento del t\u00edtulo de Personalidad Destacada de la Ciudad de Buenos Aires, incorporando el \u00e1mbito de la Salud (ya exist\u00edan los \u00edtems Cultura, Ciencia, Deporte, Derechos Humanos, Educaci\u00f3n y Juventud). La norma estipula que \u201ctambi\u00e9n puede otorgarse este reconocimiento a equipos, delegaciones o grupos de personas que en conjunto hayan distinguido su actuaci\u00f3n de manera destacada o en situaciones extraordinarias, en beneficio de la comunidad\u201d.Y una cl\u00e1usula transitoria de esta ley de Personalidades Destacadas dispone el otorgamiento de \u201cDiplomas al M\u00e9rito al personal del sistema de salud que se haya destacado por su desempe\u00f1o en las condiciones extraordinarias de servicio frente a la pandemia por Covid 19\u201d.<\/p>\n","protected":false},"excerpt":{"rendered":"<p>A instancias de la legisladora\u00a0 Mar\u00eda Rosa Mui\u00f1os (FdT) y con amplia mayor\u00eda de votos, se sancion\u00f3 una ley que ampl\u00eda los rubros para el otorgamiento del t\u00edtulo de Personalidad Destacada de la Ciudad de Buenos Aires, incorporando el \u00e1mbito de la Salud (ya exist\u00edan los \u00edtems Cultura, Ciencia, Deporte, Derechos Humanos, Educaci\u00f3n y Juventud). [&hellip;]<\/p>\n","protected":false},"author":1,"featured_media":2328,"comment_status":"open","ping_status":"open","sticky":false,"template":"","format":"standard","meta":{"_et_pb_use_builder":"","_et_pb_old_content":"","_et_gb_content_width":"","footnotes":""},"categories":[11,33],"tags":[],"class_list":["post-2327","post","type-post","status-publish","format-standard","has-post-thumbnail","hentry","category-ciudad","category-sociedad-y-cultura-2"],"_links":{"self":[{"href":"https:\/\/vocesdebaires.com.ar\/index.php\/wp-json\/wp\/v2\/posts\/2327"}],"collection":[{"href":"https:\/\/vocesdebaires.com.ar\/index.php\/wp-json\/wp\/v2\/posts"}],"about":[{"href":"https:\/\/vocesdebaires.com.ar\/index.php\/wp-json\/wp\/v2\/types\/post"}],"author":[{"embeddable":true,"href":"https:\/\/vocesdebaires.com.ar\/index.php\/wp-json\/wp\/v2\/users\/1"}],"replies":[{"embeddable":true,"href":"https:\/\/vocesdebaires.com.ar\/index.php\/wp-json\/wp\/v2\/comments?post=2327"}],"version-history":[{"count":0,"href":"https:\/\/vocesdebaires.com.ar\/index.php\/wp-json\/wp\/v2\/posts\/2327\/revisions"}],"wp:featuredmedia":[{"embeddable":true,"href":"https:\/\/vocesdebaires.com.ar\/index.php\/wp-json\/wp\/v2\/media\/2328"}],"wp:attachment":[{"href":"https:\/\/vocesdebaires.com.ar\/index.php\/wp-json\/wp\/v2\/media?parent=2327"}],"wp:term":[{"taxonomy":"category","embeddable":true,"href":"https:\/\/vocesdebaires.com.ar\/index.php\/wp-json\/wp\/v2\/categories?post=2327"},{"taxonomy":"post_tag","embeddable":true,"href":"https:\/\/vocesdebaires.com.ar\/index.php\/wp-json\/wp\/v2\/tags?post=2327"}],"curies":[{"name":"wp","href":"https:\/\/api.w.org\/{rel}","templated":true}]}}