{"id":23280,"date":"2014-05-14T21:11:05","date_gmt":"2014-05-15T00:11:05","guid":{"rendered":"http:\/\/vocesdebaires.com.ar\/wordpress\/index.php\/2014\/05\/14\/tercera-jornada-del-programa-de-formacion-en-asuntos-internacionales\/"},"modified":"2014-05-14T21:11:05","modified_gmt":"2014-05-15T00:11:05","slug":"tercera-jornada-del-programa-de-formacion-en-asuntos-internacionales","status":"publish","type":"post","link":"https:\/\/vocesdebaires.com.ar\/index.php\/2014\/05\/14\/tercera-jornada-del-programa-de-formacion-en-asuntos-internacionales\/","title":{"rendered":"Tercera Jornada del Programa de Formaci\u00f3n en Asuntos Internacionales"},"content":{"rendered":"<p><span style=\"line-height: 1.3em;\">El tercer m\u00f3dulo del Programa de Formaci\u00f3n en Asuntos Internacionales tuvo lugar hoy \u00a0en el Sal\u00f3n Eva Per\u00f3n del Palacio Legislativo y cont\u00f3 con la presencia de la Dra. Lilian Del Castillo como expositora, quien disert\u00f3 sobre la Cuesti\u00f3n Malvinas en el marco de la pol\u00edtica exterior argentina. El legislador Gabriel Fuks (FpV) estuvo acompa\u00f1ado en la mesa principal por el coordinador del Programa, Lic. Mariano Machado.<\/span><span style=\"line-height: 1.3em;\">El legislador del bloque Frente para la Victoria Gabriel Fuks realiz\u00f3 la apertura del evento y present\u00f3 a la expositora del d\u00eda de la fecha, luego de introducir el tema a desarrollar por la invitada. \u00abEl debate sobre las Islas Malvinas est\u00e1 pleno y siempre vigente\u00bb, expres\u00f3 el diputado.<\/span><\/p>\n<p><span style=\"line-height: 1.3em;\">La Dra. Del Castillo realiz\u00f3 un exhaustivo repaso por los fundamentos hist\u00f3ricos, geogr\u00e1ficos y jur\u00eddicos del reclamo que consolidan la posici\u00f3n de nuestro pa\u00eds en foros internacionales y regionales, adem\u00e1s del \u00e1mbito multilateral. En este sentido, la perito destac\u00f3 como ejes de la cuesti\u00f3n la titularidad de la soberan\u00eda nacional, la ininterrupci\u00f3n de dicha presencia, ejercicio y posesi\u00f3n, como as\u00ed tambi\u00e9n la sistem\u00e1tica posici\u00f3n de nuestro pa\u00eds de acuerdo a instrumentos internacionales tan significativos como la Convenci\u00f3n de las Naciones Unidas sobre el Derecho del Mar (1982), sus acuerdos complementarios, e innumerables resoluciones de la Asamblea General de Naciones Unidas reconociendo la existencia del conflicto y exhortando al di\u00e1logo.<\/span><\/p>\n<p><span style=\"line-height: 1.3em;\">Lilian Del Castillo tiene una amplia actividad en la docencia universitaria de grado y posgrado, y dicta en la actualidad cursos y conferencias en diversos temas de su especialidad. En su labor profesional se desempe\u00f1\u00f3 hasta 2010 en el Ministerio de Relaciones Exteriores y Culto, en el \u00e1mbito de la Subsecretar\u00eda de Pol\u00edtica Latinoamericana, y en el per\u00edodo 1984- 1999 fue Directora de la Direcci\u00f3n del Tratado de la Cuenca del Plata. Pertenece a diversas instituciones dedicadas al derecho y las relaciones internacionales, y es miembro de la Academia Argentina de Ciencias del Ambiente y de asociaciones especializadas nacionales e internacionales.<\/span><span style=\"line-height: 1.3em;\">El Programa dependiente de la Subsecretar\u00eda de Fortalecimiento e Intercambio Institucional, est\u00e1 a cargo del Dr. Pablo Garzonio y es promovido por la Legislatura de la Ciudad Aut\u00f3noma de Buenos Aires, el Consejo Argentino para las Relaciones Internacionales, asesores de la Corte Suprema de Justicia de la Naci\u00f3n, de la Jefatura de Gabinete de Ministros y de distintas dependencias del Gobierno de la Ciudad.<\/span><\/p>\n<p><span style=\"line-height: 1.3em;\">Foto : \u00a0De izq. a der., Mariano Machado, Gabriel Fuks y Lilian Del Castillo<\/span><\/p>\n","protected":false},"excerpt":{"rendered":"<p>El tercer m\u00f3dulo del Programa de Formaci\u00f3n en Asuntos Internacionales tuvo lugar hoy \u00a0en el Sal\u00f3n Eva Per\u00f3n del Palacio Legislativo y cont\u00f3 con la presencia de la Dra. Lilian Del Castillo como expositora, quien disert\u00f3 sobre la Cuesti\u00f3n Malvinas en el marco de la pol\u00edtica exterior argentina. El legislador Gabriel Fuks (FpV) estuvo acompa\u00f1ado [&hellip;]<\/p>\n","protected":false},"author":2,"featured_media":23281,"comment_status":"open","ping_status":"open","sticky":false,"template":"","format":"standard","meta":{"_et_pb_use_builder":"","_et_pb_old_content":"","_et_gb_content_width":"","footnotes":""},"categories":[11,44],"tags":[],"class_list":["post-23280","post","type-post","status-publish","format-standard","has-post-thumbnail","hentry","category-ciudad","category-funcionarios-de-la-caba"],"_links":{"self":[{"href":"https:\/\/vocesdebaires.com.ar\/index.php\/wp-json\/wp\/v2\/posts\/23280"}],"collection":[{"href":"https:\/\/vocesdebaires.com.ar\/index.php\/wp-json\/wp\/v2\/posts"}],"about":[{"href":"https:\/\/vocesdebaires.com.ar\/index.php\/wp-json\/wp\/v2\/types\/post"}],"author":[{"embeddable":true,"href":"https:\/\/vocesdebaires.com.ar\/index.php\/wp-json\/wp\/v2\/users\/2"}],"replies":[{"embeddable":true,"href":"https:\/\/vocesdebaires.com.ar\/index.php\/wp-json\/wp\/v2\/comments?post=23280"}],"version-history":[{"count":0,"href":"https:\/\/vocesdebaires.com.ar\/index.php\/wp-json\/wp\/v2\/posts\/23280\/revisions"}],"wp:featuredmedia":[{"embeddable":true,"href":"https:\/\/vocesdebaires.com.ar\/index.php\/wp-json\/wp\/v2\/media\/23281"}],"wp:attachment":[{"href":"https:\/\/vocesdebaires.com.ar\/index.php\/wp-json\/wp\/v2\/media?parent=23280"}],"wp:term":[{"taxonomy":"category","embeddable":true,"href":"https:\/\/vocesdebaires.com.ar\/index.php\/wp-json\/wp\/v2\/categories?post=23280"},{"taxonomy":"post_tag","embeddable":true,"href":"https:\/\/vocesdebaires.com.ar\/index.php\/wp-json\/wp\/v2\/tags?post=23280"}],"curies":[{"name":"wp","href":"https:\/\/api.w.org\/{rel}","templated":true}]}}