{"id":23294,"date":"2014-05-15T18:51:46","date_gmt":"2014-05-15T21:51:46","guid":{"rendered":"http:\/\/vocesdebaires.com.ar\/wordpress\/index.php\/2014\/05\/15\/bodart-hoy-se-presento-como-querellante\/"},"modified":"2014-05-15T18:51:46","modified_gmt":"2014-05-15T21:51:46","slug":"bodart-hoy-se-presento-como-querellante","status":"publish","type":"post","link":"https:\/\/vocesdebaires.com.ar\/index.php\/2014\/05\/15\/bodart-hoy-se-presento-como-querellante\/","title":{"rendered":"Bodart: Hoy se present\u00f3 como querellante"},"content":{"rendered":"<p><span style=\"line-height: 1.3em;\">Hoy, en Comodoro Py, el diputado Alejandro Bodart (MST) se present\u00f3 como querellante en la causa para investigar a la presidenta por el acuerdo con Chevron.(texto adjunto) Al salir, Bodart afirm\u00f3: \u201cCon su decreto, Cristina puso a YPF de rodillas ante Chevron. Contra lo que dice la solicitada mentirosa de Miguel Galluccio -que nos recuerda al verso menemista-, el decreto y el acuerdo son ilegales y no traen &#8216;autoabastecimiento energ\u00e9tico&#8217; ni &#8216;desarrollo sustentable&#8217;, ya que le dan privilegios escandalosos a la multinacional y encima con el fracking nos van dejar \u00e1reas enteras contaminadas para siempre.\u00bb<\/span><\/p>\n<p>Bodart, cuya causa lleva el N\u00ba 6.842\/13, agreg\u00f3: \u201cEstamos ante una triple estafa: econ\u00f3mica, ambiental y pol\u00edtica. As\u00ed como Carlos Menem defend\u00eda las privatizaciones, el gobierno K defiende el fracking, la megaminer\u00eda y los pooles sojeros. Las consecuencias ser\u00e1n las mismas. Para sacar petr\u00f3leo y revertir la crisis energ\u00e9tica no hay por qu\u00e9 depender de Chevron. Como bien dijo el general Mosconi, &#8216;considero perjudicial el predominio que pretenden y la injerencia que se quiere otorgar a las compa\u00f1\u00edas extranjeras&#8217;.\u00bb<\/p>\n","protected":false},"excerpt":{"rendered":"<p>Hoy, en Comodoro Py, el diputado Alejandro Bodart (MST) se present\u00f3 como querellante en la causa para investigar a la presidenta por el acuerdo con Chevron.(texto adjunto) Al salir, Bodart afirm\u00f3: \u201cCon su decreto, Cristina puso a YPF de rodillas ante Chevron. Contra lo que dice la solicitada mentirosa de Miguel Galluccio -que nos recuerda [&hellip;]<\/p>\n","protected":false},"author":2,"featured_media":23295,"comment_status":"open","ping_status":"open","sticky":false,"template":"","format":"standard","meta":{"_et_pb_use_builder":"","_et_pb_old_content":"","_et_gb_content_width":"","footnotes":""},"categories":[11,44],"tags":[],"class_list":["post-23294","post","type-post","status-publish","format-standard","has-post-thumbnail","hentry","category-ciudad","category-funcionarios-de-la-caba"],"_links":{"self":[{"href":"https:\/\/vocesdebaires.com.ar\/index.php\/wp-json\/wp\/v2\/posts\/23294"}],"collection":[{"href":"https:\/\/vocesdebaires.com.ar\/index.php\/wp-json\/wp\/v2\/posts"}],"about":[{"href":"https:\/\/vocesdebaires.com.ar\/index.php\/wp-json\/wp\/v2\/types\/post"}],"author":[{"embeddable":true,"href":"https:\/\/vocesdebaires.com.ar\/index.php\/wp-json\/wp\/v2\/users\/2"}],"replies":[{"embeddable":true,"href":"https:\/\/vocesdebaires.com.ar\/index.php\/wp-json\/wp\/v2\/comments?post=23294"}],"version-history":[{"count":0,"href":"https:\/\/vocesdebaires.com.ar\/index.php\/wp-json\/wp\/v2\/posts\/23294\/revisions"}],"wp:featuredmedia":[{"embeddable":true,"href":"https:\/\/vocesdebaires.com.ar\/index.php\/wp-json\/wp\/v2\/media\/23295"}],"wp:attachment":[{"href":"https:\/\/vocesdebaires.com.ar\/index.php\/wp-json\/wp\/v2\/media?parent=23294"}],"wp:term":[{"taxonomy":"category","embeddable":true,"href":"https:\/\/vocesdebaires.com.ar\/index.php\/wp-json\/wp\/v2\/categories?post=23294"},{"taxonomy":"post_tag","embeddable":true,"href":"https:\/\/vocesdebaires.com.ar\/index.php\/wp-json\/wp\/v2\/tags?post=23294"}],"curies":[{"name":"wp","href":"https:\/\/api.w.org\/{rel}","templated":true}]}}