{"id":23296,"date":"2014-05-15T18:59:16","date_gmt":"2014-05-15T21:59:16","guid":{"rendered":"http:\/\/vocesdebaires.com.ar\/wordpress\/index.php\/2014\/05\/15\/nuevo-instituto-legislativo-de-capacitacion-permanente\/"},"modified":"2014-05-15T18:59:16","modified_gmt":"2014-05-15T21:59:16","slug":"nuevo-instituto-legislativo-de-capacitacion-permanente","status":"publish","type":"post","link":"https:\/\/vocesdebaires.com.ar\/index.php\/2014\/05\/15\/nuevo-instituto-legislativo-de-capacitacion-permanente\/","title":{"rendered":"Nuevo Instituto Legislativo de Capacitaci\u00f3n Permanente"},"content":{"rendered":"<p><span style=\"line-height: 1.3em;\">El Vicepresidente Primero de la Legislatura de la Ciudad Aut\u00f3noma de Buenos Aires, diputado Cristian Ritondo (PRO), present\u00f3 hoy el Instituto Legislativo de Capacitaci\u00f3n Permanente que estar\u00e1 a cargo del Dr. Juli\u00e1n Auge.<\/span><span style=\"line-height: 1.3em;\">La flamante entidad centralizar\u00e1 los diversos cursos que se est\u00e1n ofreciendo, como el de oratoria para diputados con la Fundaci\u00f3n de Estudios Pol\u00edticos, Econ\u00f3micos y Sociales para una Nueva Argentina; el Seminario semanal con una alta tasa de participantes en materia de relaciones internacionales con el CARI y el mayor Congreso Internacional sobre Reforma Pol\u00edtica de este a\u00f1o en el pa\u00eds.<\/span><\/p>\n<p>Adem\u00e1s, se anunci\u00f3 el inicio de los cursos al personal de seguridad junto con la Universidad Tecnol\u00f3gica Nacional; el curso anual de voceros pol\u00edticos con el Instituto de Comunicaci\u00f3n en Asuntos P\u00fablicos (ICAP), y los convenidos con las universidades nacionales de Tres de Febrero, San Mart\u00edn y La Matanza.<span style=\"line-height: 1.3em;\">Al respecto Ritondo afirm\u00f3 que \u00abdurante mi mandato como Vicepresidente Primero observ\u00e9 la necesidad que tiene el personal de la casa manifestada por sus sindicatos, de capacitarse y desarrollarse en las tareas que realiza d\u00eda a d\u00eda. Ante esta demanda observ\u00e9 la necesidad de jerarquizar el \u00e1rea, creando un instituto de integraci\u00f3n colegiada donde est\u00e9n representados diversos sectores de la casa\u00bb.<\/span><\/p>\n<p>Agreg\u00f3 que \u00abla capacitaci\u00f3n, o desarrollo de personal, es toda actividad realizada en una organizaci\u00f3n, respondiendo a sus necesidades, que busca mejorar la actitud, conocimiento, habilidades o conductas de su personal. Y esa tarea de conducci\u00f3n recaer\u00e1 en el Dr. Juli\u00e1n auge, un joven compa\u00f1ero que desde hace a\u00f1os conoce la cuesti\u00f3n legislativa y es parte del cambio que estamos produciendo. A \u00e9l lo acompa\u00f1ar\u00e1n otros profesionales, unos m\u00e1s j\u00f3venes que otros pero que son especialistas en distintas tem\u00e1ticas. En ellos estar\u00e1 encargado el \u00e9xito de este proyecto\u00bb.<\/p>\n<p>Asistieron al acto realizado en el sal\u00f3n Eva Per\u00f3n del Palacio Legislativo, el presidente del Instituto Legislativo de Capacitaci\u00f3n Permanente, Juli\u00e1n Aug\u00e9; el presidente de la Sociedad Argentina de An\u00e1lisis Pol\u00edtico, Miguel Alejandro de Luca; el Secretario Acad\u00e9mico de la carrera de Ciencias Pol\u00edticas de la UBA, Mariano Montes; la representante de la Fundaci\u00f3n de Estudios Pol\u00edticos, Econ\u00f3micos y Sociales para la Nueva Argentina, Laura Vel\u00e1zquez; el Secretario de Coordinaci\u00f3n del Consejo Argentino para las Relaciones Internacionales, Lic. Gustavo Martinez; el Secretario de Extenci\u00f3n de la Universidad Tecnol\u00f3gica Nacional, Ing. Javier Ona; los diputados de la Ciudad Roberto Quattromano y Agust\u00edn Forchieri (PRO), el Subsecretario de Fortalecimiento e Intercambio Institucional, Pablo Garzonio; y el Director General de Obras, Daniel Sosa, entro otros.<\/p>\n<p>Fotos : El Vicepresidente Primero de la Legislatura de la Ciudad Aut\u00f3noma de Buenos Aires, diputado Cristian Ritondo (PRO) junto a diputados, acad\u00e9micos y funcionarios durante el acto de presentaci\u00f3n del Instituto Legislativo de Capacitaci\u00f3n Permanente<\/p>\n","protected":false},"excerpt":{"rendered":"<p>El Vicepresidente Primero de la Legislatura de la Ciudad Aut\u00f3noma de Buenos Aires, diputado Cristian Ritondo (PRO), present\u00f3 hoy el Instituto Legislativo de Capacitaci\u00f3n Permanente que estar\u00e1 a cargo del Dr. Juli\u00e1n Auge.La flamante entidad centralizar\u00e1 los diversos cursos que se est\u00e1n ofreciendo, como el de oratoria para diputados con la Fundaci\u00f3n de Estudios Pol\u00edticos, [&hellip;]<\/p>\n","protected":false},"author":2,"featured_media":23297,"comment_status":"open","ping_status":"open","sticky":false,"template":"","format":"standard","meta":{"_et_pb_use_builder":"","_et_pb_old_content":"","_et_gb_content_width":"","footnotes":""},"categories":[11,44],"tags":[],"class_list":["post-23296","post","type-post","status-publish","format-standard","has-post-thumbnail","hentry","category-ciudad","category-funcionarios-de-la-caba"],"_links":{"self":[{"href":"https:\/\/vocesdebaires.com.ar\/index.php\/wp-json\/wp\/v2\/posts\/23296"}],"collection":[{"href":"https:\/\/vocesdebaires.com.ar\/index.php\/wp-json\/wp\/v2\/posts"}],"about":[{"href":"https:\/\/vocesdebaires.com.ar\/index.php\/wp-json\/wp\/v2\/types\/post"}],"author":[{"embeddable":true,"href":"https:\/\/vocesdebaires.com.ar\/index.php\/wp-json\/wp\/v2\/users\/2"}],"replies":[{"embeddable":true,"href":"https:\/\/vocesdebaires.com.ar\/index.php\/wp-json\/wp\/v2\/comments?post=23296"}],"version-history":[{"count":0,"href":"https:\/\/vocesdebaires.com.ar\/index.php\/wp-json\/wp\/v2\/posts\/23296\/revisions"}],"wp:featuredmedia":[{"embeddable":true,"href":"https:\/\/vocesdebaires.com.ar\/index.php\/wp-json\/wp\/v2\/media\/23297"}],"wp:attachment":[{"href":"https:\/\/vocesdebaires.com.ar\/index.php\/wp-json\/wp\/v2\/media?parent=23296"}],"wp:term":[{"taxonomy":"category","embeddable":true,"href":"https:\/\/vocesdebaires.com.ar\/index.php\/wp-json\/wp\/v2\/categories?post=23296"},{"taxonomy":"post_tag","embeddable":true,"href":"https:\/\/vocesdebaires.com.ar\/index.php\/wp-json\/wp\/v2\/tags?post=23296"}],"curies":[{"name":"wp","href":"https:\/\/api.w.org\/{rel}","templated":true}]}}