{"id":23309,"date":"2014-05-16T17:29:48","date_gmt":"2014-05-16T20:29:48","guid":{"rendered":"http:\/\/vocesdebaires.com.ar\/wordpress\/index.php\/2014\/05\/16\/vidal-recorrio-esta-manana-la-localidad-de-daireaux\/"},"modified":"2014-05-16T17:29:48","modified_gmt":"2014-05-16T20:29:48","slug":"vidal-recorrio-esta-manana-la-localidad-de-daireaux","status":"publish","type":"post","link":"https:\/\/vocesdebaires.com.ar\/index.php\/2014\/05\/16\/vidal-recorrio-esta-manana-la-localidad-de-daireaux\/","title":{"rendered":"Vidal, recorri\u00f3 esta ma\u00f1ana la localidad de Daireaux"},"content":{"rendered":"<p><span style=\"line-height: 1.3em;\">La referente del PRO, Mar\u00eda Eugenia Vidal, recorri\u00f3 esta ma\u00f1ana la localidad de Daireaux, donde firm\u00f3 un Convenio de Colaboraci\u00f3n Rec\u00edproca con el Intendente radical Esteban Hernando. El acuerdo establece instancias de intercambio para implementar pol\u00edticas p\u00fablicas de cultura, educaci\u00f3n, salud y turismo.<\/span><\/p>\n<p><span style=\"line-height: 1.3em;\">\u201cQuienes gobernamos preocupados por resolver los problemas de la gente, sabemos que cuando aunamos esfuerzos y trabajamos juntos, las cosas se resuelven mejor\u00bb, se\u00f1al\u00f3 Vidal. \u201cDesde hace a\u00f1os, la Ciudad viene generando espacios de trabajo conjunto con intendentes de todo el pa\u00eds. La idea es aprender, mejorar y trabajar en conjunto a partir de la experiencia de cada localidad\u201d. \u00a0destac\u00f3 la dirigente.<\/span><\/p>\n<p><span style=\"line-height: 1.3em;\">\u201cLa ciudad de Buenos Aires es de todos los argentinos y queremos llevar este mensaje a todo el pa\u00eds\u201d, agreg\u00f3 Vidal. \u00a0Y resalt\u00f3: \u201cComo espacio pol\u00edtico tenemos un candidato para presidente en 2015 que es Mauricio Macri. Estamos llevando tambi\u00e9n el mensaje de que mucho de lo bueno que hicimos en la ciudad, se puede hacer en el pa\u00eds. Hay una manera de gobernar, de vincularse con la gente, de hacer obras, de resolver los problemas que podemos trasladarlo a todo el pa\u00eds.\u201d <\/span><\/p>\n<p><span style=\"line-height: 1.3em;\">Por su parte, el intendente Esteban Hernando destac\u00f3 la importancia del convenio alcanzado y las oportunidades que pueden generarse a partir de su firma. \u201cM\u00e1s de 400 chicos de nuestra ciudad est\u00e1n estudiando en la Capital Federal. En materia de Educaci\u00f3n, es mucho lo que podemos hacer en conjunto\u201d, indic\u00f3 el intendente. \u201cEste acuerdo es una gran oportunidad de trabajar en conjunto y contar con el soporte t\u00e9cnico de un equipo de trabajo que ha sabido encontrar respuestas concretas a una administraci\u00f3n compleja como es la administraci\u00f3n de la ciudad de Buenos Aires\u201d, concluy\u00f3.<\/span><span style=\"line-height: 1.3em;\">Despu\u00e9s de la firma del convenio, Vidal recorri\u00f3 el Hospital Municipal y visit\u00f3 la Planta de Biodisel ARIPAR BIO. Ma\u00f1ana visitar\u00e1 las ciudades de Salliquel\u00f3 y Adolfo Alsina.<\/span><\/p>\n","protected":false},"excerpt":{"rendered":"<p>La referente del PRO, Mar\u00eda Eugenia Vidal, recorri\u00f3 esta ma\u00f1ana la localidad de Daireaux, donde firm\u00f3 un Convenio de Colaboraci\u00f3n Rec\u00edproca con el Intendente radical Esteban Hernando. El acuerdo establece instancias de intercambio para implementar pol\u00edticas p\u00fablicas de cultura, educaci\u00f3n, salud y turismo. \u201cQuienes gobernamos preocupados por resolver los problemas de la gente, sabemos que [&hellip;]<\/p>\n","protected":false},"author":2,"featured_media":23310,"comment_status":"open","ping_status":"open","sticky":false,"template":"","format":"standard","meta":{"_et_pb_use_builder":"","_et_pb_old_content":"","_et_gb_content_width":"","footnotes":""},"categories":[11,44],"tags":[],"class_list":["post-23309","post","type-post","status-publish","format-standard","has-post-thumbnail","hentry","category-ciudad","category-funcionarios-de-la-caba"],"_links":{"self":[{"href":"https:\/\/vocesdebaires.com.ar\/index.php\/wp-json\/wp\/v2\/posts\/23309"}],"collection":[{"href":"https:\/\/vocesdebaires.com.ar\/index.php\/wp-json\/wp\/v2\/posts"}],"about":[{"href":"https:\/\/vocesdebaires.com.ar\/index.php\/wp-json\/wp\/v2\/types\/post"}],"author":[{"embeddable":true,"href":"https:\/\/vocesdebaires.com.ar\/index.php\/wp-json\/wp\/v2\/users\/2"}],"replies":[{"embeddable":true,"href":"https:\/\/vocesdebaires.com.ar\/index.php\/wp-json\/wp\/v2\/comments?post=23309"}],"version-history":[{"count":0,"href":"https:\/\/vocesdebaires.com.ar\/index.php\/wp-json\/wp\/v2\/posts\/23309\/revisions"}],"wp:featuredmedia":[{"embeddable":true,"href":"https:\/\/vocesdebaires.com.ar\/index.php\/wp-json\/wp\/v2\/media\/23310"}],"wp:attachment":[{"href":"https:\/\/vocesdebaires.com.ar\/index.php\/wp-json\/wp\/v2\/media?parent=23309"}],"wp:term":[{"taxonomy":"category","embeddable":true,"href":"https:\/\/vocesdebaires.com.ar\/index.php\/wp-json\/wp\/v2\/categories?post=23309"},{"taxonomy":"post_tag","embeddable":true,"href":"https:\/\/vocesdebaires.com.ar\/index.php\/wp-json\/wp\/v2\/tags?post=23309"}],"curies":[{"name":"wp","href":"https:\/\/api.w.org\/{rel}","templated":true}]}}