{"id":2333,"date":"2020-05-28T03:55:47","date_gmt":"2020-05-28T06:55:47","guid":{"rendered":"http:\/\/vocesdebaires.com.ar\/wordpress\/index.php\/2020\/05\/28\/bar-la-flor-de-barracas-cierra-sus-puertas\/"},"modified":"2020-05-28T03:55:47","modified_gmt":"2020-05-28T06:55:47","slug":"bar-la-flor-de-barracas-cierra-sus-puertas","status":"publish","type":"post","link":"https:\/\/vocesdebaires.com.ar\/index.php\/2020\/05\/28\/bar-la-flor-de-barracas-cierra-sus-puertas\/","title":{"rendered":"Bar La Flor de Barracas cierra sus puertas"},"content":{"rendered":"<p>\u201cQueremos comunicarles que lamentablemente por las razones p\u00fablicas y conocidas nos vemos obligados a no continuar al frente de La Flor de Barracas\u201d. As\u00ed comienza el mensaje que public\u00f3 en la red social Facebook Carlos Cantini, due\u00f1o del Bar Notable e hist\u00f3rico bodeg\u00f3n ubicado en Avenida Su\u00e1rez, esquina Arcamendia, en la Ciudad de Buenos Aires, en el que detalla los motivos del cierre de un espacio tradicional para los porte\u00f1os.En el texto Cantini remarc\u00f3 que \u201cel coronavirus, con la extensa cuarentena que trae como consecuencia, termina de asfixiar nuestra actividad que ya ven\u00eda herida y era sostenida a costa de un gran esfuerzo familiar\u00bb.<\/p>\n<p>La Flor tambi\u00e9n funcion\u00f3 como un espacio de cultura en el que se puso a disposici\u00f3n de la clientela la Biblioteca Impopular Roberto Fontanarrosa con todos sus cuentos m\u00e1s bibliograf\u00eda sobre Barracas, Buenos Aires y la Argentina.Y en el que tambi\u00e9n tuvo un rol social e inclusivo cuando se trabaj\u00f3 con el taller de carpinter\u00eda del Hospital Borda para restaurar mesas y sillas y se vendieron artesan\u00edas de sus talleres de internos. Adem\u00e1s le dio lugar al cine a trav\u00e9s de un ciclo Independiente y prestando sus instalaciones para el Ciclo de Cine Etnogr\u00e1fico a docentes e investigadores de la UBA y CONICET. \u201cEl bar en sus 115 a\u00f1os ha tenido varios propietarios y por supuesto que hoy tambi\u00e9n lo tiene. Por lo que deseamos, y ser\u00eda un consuelo al alma, que quiz\u00e1s pueda seguir funcionando con otra administraci\u00f3n\u201d.<\/p>\n","protected":false},"excerpt":{"rendered":"<p>\u201cQueremos comunicarles que lamentablemente por las razones p\u00fablicas y conocidas nos vemos obligados a no continuar al frente de La Flor de Barracas\u201d. As\u00ed comienza el mensaje que public\u00f3 en la red social Facebook Carlos Cantini, due\u00f1o del Bar Notable e hist\u00f3rico bodeg\u00f3n ubicado en Avenida Su\u00e1rez, esquina Arcamendia, en la Ciudad de Buenos Aires, [&hellip;]<\/p>\n","protected":false},"author":1,"featured_media":2334,"comment_status":"open","ping_status":"open","sticky":false,"template":"","format":"standard","meta":{"_et_pb_use_builder":"","_et_pb_old_content":"","_et_gb_content_width":"","footnotes":""},"categories":[11,32],"tags":[],"class_list":["post-2333","post","type-post","status-publish","format-standard","has-post-thumbnail","hentry","category-ciudad","category-comunas"],"_links":{"self":[{"href":"https:\/\/vocesdebaires.com.ar\/index.php\/wp-json\/wp\/v2\/posts\/2333"}],"collection":[{"href":"https:\/\/vocesdebaires.com.ar\/index.php\/wp-json\/wp\/v2\/posts"}],"about":[{"href":"https:\/\/vocesdebaires.com.ar\/index.php\/wp-json\/wp\/v2\/types\/post"}],"author":[{"embeddable":true,"href":"https:\/\/vocesdebaires.com.ar\/index.php\/wp-json\/wp\/v2\/users\/1"}],"replies":[{"embeddable":true,"href":"https:\/\/vocesdebaires.com.ar\/index.php\/wp-json\/wp\/v2\/comments?post=2333"}],"version-history":[{"count":0,"href":"https:\/\/vocesdebaires.com.ar\/index.php\/wp-json\/wp\/v2\/posts\/2333\/revisions"}],"wp:featuredmedia":[{"embeddable":true,"href":"https:\/\/vocesdebaires.com.ar\/index.php\/wp-json\/wp\/v2\/media\/2334"}],"wp:attachment":[{"href":"https:\/\/vocesdebaires.com.ar\/index.php\/wp-json\/wp\/v2\/media?parent=2333"}],"wp:term":[{"taxonomy":"category","embeddable":true,"href":"https:\/\/vocesdebaires.com.ar\/index.php\/wp-json\/wp\/v2\/categories?post=2333"},{"taxonomy":"post_tag","embeddable":true,"href":"https:\/\/vocesdebaires.com.ar\/index.php\/wp-json\/wp\/v2\/tags?post=2333"}],"curies":[{"name":"wp","href":"https:\/\/api.w.org\/{rel}","templated":true}]}}