{"id":23335,"date":"2014-05-19T19:29:33","date_gmt":"2014-05-19T22:29:33","guid":{"rendered":"http:\/\/vocesdebaires.com.ar\/wordpress\/index.php\/2014\/05\/19\/jornada-sobre-urgencias-y-desafios-de-la-educacion-infantil\/"},"modified":"2014-05-19T19:29:33","modified_gmt":"2014-05-19T22:29:33","slug":"jornada-sobre-urgencias-y-desafios-de-la-educacion-infantil","status":"publish","type":"post","link":"https:\/\/vocesdebaires.com.ar\/index.php\/2014\/05\/19\/jornada-sobre-urgencias-y-desafios-de-la-educacion-infantil\/","title":{"rendered":"Jornada sobre Urgencias y desaf\u00edos de la Educaci\u00f3n Infantil"},"content":{"rendered":"<p><span style=\"line-height: 1.3em;\">Una jornada sobre \u00abUrgencias y desaf\u00edos de la Educaci\u00f3n Infantil\u00bb abierta y gratuita organizada por el Comit\u00e9 Argentino de la Organizaci\u00f3n Mundial para la Educaci\u00f3n Preescolar Argentina -OMEP- junto a las diputadas Mar\u00eda Rachid (FpV), Mar\u00eda Eugenia Estenssoro (SUMA+) y Victoria Morales Gorleri (PRO) fue inaugurada este lunes por el ministro de Educaci\u00f3n del GCABA, Licenciado Esteban Bullrich, en el Sal\u00f3n \u00abSan Mart\u00edn\u00bb del Palacio Legislativo. <\/span><\/p>\n<p>El desarrollo del temario incluy\u00f3 a especialistas, funcionarios y acad\u00e9micos argentinos y latinoamericanos que profundizaron sobre las ideas centrales que configuran el panorama actual de las pol\u00edticas dedicadas a educaci\u00f3n integral de la infancia (0 a 6 a\u00f1os), analizando los conceptos sobre las cuales se fundan dichas pol\u00edticas, aportando informaci\u00f3n y claves para el an\u00e1lisis y construcci\u00f3n de pol\u00edticas p\u00fablicas, legislaciones y normas que garanticen y ampl\u00eden los derechos ciudadanos de la infancia.<\/p>\n<p>Durante su discurso de apertura, el ministro Bullrich en presencia de la vicepresidenta Regional para Am\u00e9rica Latina de la OMEP, Licenciada Mercedes Mayol Lassalle, sostuvo que \u00abes importante que todos los ni\u00f1os y ni\u00f1as de Buenos Aires tengan educaci\u00f3n inicial ya que mejora la capacidad de aprendizaje en la escuela y tambi\u00e9n influye en la socializaci\u00f3n. Adem\u00e1s, hizo un repaso de los logros realizados por el Ministerio en relaci\u00f3n a la tem\u00e1tica y asegur\u00f3 que est\u00e1 dispuesto a recibir y escuchar propuestas de los ciudadanos.<\/p>\n<p><span style=\"line-height: 1.3em;\">Por su parte, la diputada del bloque PRO y presidenta de la Comisi\u00f3n de Educaci\u00f3n, Ciencia y Tecnolog\u00eda de la Legislatura Porte\u00f1a, Victoria Morales Gorleri, dijo que \u00ablos primeros a\u00f1os de vida de nuestros hijos son fundamentales, y la educaci\u00f3n es una de las piezas m\u00e1s importantes para su formaci\u00f3n. Creo que s\u00f3lo con pol\u00edticas de estado sostenidas en el tiempo seremos capaces de hacer que nuestros ni\u00f1os y j\u00f3venes alcancen mejores niveles de educaci\u00f3n\u00bb.<\/span><\/p>\n<p><span style=\"line-height: 1.3em;\">La legisladora Mar\u00eda Eugenia Estenssoro (SUMA+) dio datos estad\u00edsticos de la Ciudad de Buenos Aires en relaci\u00f3n a la educaci\u00f3n y la pobreza y explic\u00f3 la necesidad urgente de tratar esos temas en la jornada. En tanto, la diputada Mar\u00eda Rachid (FpV) expres\u00f3: \u00abEn los \u00faltimos a\u00f1os hemos avanzado mucho pero nuevas situaciones y desaf\u00edos se nos presentan. Esta jornada es una buena opci\u00f3n para analizarlos y tratar de encontrar una posible soluci\u00f3n para los mismos\u00bb.<\/span><\/p>\n<p><span style=\"line-height: 1.3em;\">Los fundamentos del encuentro se basaron en que las pol\u00edticas p\u00fablicas para la infancia necesitan asumir un enfoque integral y ser profundizadas y universalizadas en forma urgente, teniendo en cuenta el inter\u00e9s superior del ni\u00f1o como sujeto de derechos. Adem\u00e1s, resulta central tomar en cuenta el compromiso \u00e9tico y de protecci\u00f3n que han asumido los Estados con los derechos de los ni\u00f1os y ni\u00f1as a partir de la adhesi\u00f3n a la Convenci\u00f3n Internacional sobre los Derechos del Ni\u00f1o.<\/span><span style=\"line-height: 1.3em;\">Luego de la entrega de un diploma a la miembro de la OMEP Mercedes Mayol Lasalle, comenzaron las cuatro mesas de debate que trataron los siguientes temas: \u00bfPor qu\u00e9 ocuparnos de la primera infancia?; Buenas Pr\u00e1cticas en Pol\u00edticas P\u00fablicas dirigidas a la Primera Infancia en Am\u00e9rica Latina; Situaci\u00f3n y contexto de los primeros a\u00f1os; y Legislaci\u00f3n y Pol\u00edticas P\u00fablicas adecuadas sobre la Infancia: logros y omisiones.<\/span><\/p>\n<p><span style=\"line-height: 1.3em;\">Participaron de los paneles de debate el Dr. Abel Pascual Albino, la Dra. Beatriz Zapata Ospina, la Lic. Andrea Torres, la Dra. Cristina Lustemberg, la Lic. Virginia Franganillo, el Lic. N\u00e9stor L\u00f3pez, la Lic. Nancy Mateos, la Dra. Adriana Puiggr\u00f3s, la profesora Ana Mar\u00eda Ravaglia y Jos\u00e9 Eduardo Machain, entre otros. Tambi\u00e9n estuvieron el Vicepresidente Tercero de la Legislatura, diputado Maximiliano Ferraro (CC); y la legisladora (MC) Laura Garc\u00eda Tu\u00f1\u00f3n.<\/span><\/p>\n<p><span style=\"line-height: 1.3em;\">Foto : \u00a0De izq. a der.: Mercedes Mayol Lassalle, Mar\u00eda Estenssoro, Esteban Bullrich, Victoria Morales Gorleri y Mar\u00eda Rachid<\/span><\/p>\n","protected":false},"excerpt":{"rendered":"<p>Una jornada sobre \u00abUrgencias y desaf\u00edos de la Educaci\u00f3n Infantil\u00bb abierta y gratuita organizada por el Comit\u00e9 Argentino de la Organizaci\u00f3n Mundial para la Educaci\u00f3n Preescolar Argentina -OMEP- junto a las diputadas Mar\u00eda Rachid (FpV), Mar\u00eda Eugenia Estenssoro (SUMA+) y Victoria Morales Gorleri (PRO) fue inaugurada este lunes por el ministro de Educaci\u00f3n del GCABA, [&hellip;]<\/p>\n","protected":false},"author":2,"featured_media":23336,"comment_status":"open","ping_status":"open","sticky":false,"template":"","format":"standard","meta":{"_et_pb_use_builder":"","_et_pb_old_content":"","_et_gb_content_width":"","footnotes":""},"categories":[11,44],"tags":[],"class_list":["post-23335","post","type-post","status-publish","format-standard","has-post-thumbnail","hentry","category-ciudad","category-funcionarios-de-la-caba"],"_links":{"self":[{"href":"https:\/\/vocesdebaires.com.ar\/index.php\/wp-json\/wp\/v2\/posts\/23335"}],"collection":[{"href":"https:\/\/vocesdebaires.com.ar\/index.php\/wp-json\/wp\/v2\/posts"}],"about":[{"href":"https:\/\/vocesdebaires.com.ar\/index.php\/wp-json\/wp\/v2\/types\/post"}],"author":[{"embeddable":true,"href":"https:\/\/vocesdebaires.com.ar\/index.php\/wp-json\/wp\/v2\/users\/2"}],"replies":[{"embeddable":true,"href":"https:\/\/vocesdebaires.com.ar\/index.php\/wp-json\/wp\/v2\/comments?post=23335"}],"version-history":[{"count":0,"href":"https:\/\/vocesdebaires.com.ar\/index.php\/wp-json\/wp\/v2\/posts\/23335\/revisions"}],"wp:featuredmedia":[{"embeddable":true,"href":"https:\/\/vocesdebaires.com.ar\/index.php\/wp-json\/wp\/v2\/media\/23336"}],"wp:attachment":[{"href":"https:\/\/vocesdebaires.com.ar\/index.php\/wp-json\/wp\/v2\/media?parent=23335"}],"wp:term":[{"taxonomy":"category","embeddable":true,"href":"https:\/\/vocesdebaires.com.ar\/index.php\/wp-json\/wp\/v2\/categories?post=23335"},{"taxonomy":"post_tag","embeddable":true,"href":"https:\/\/vocesdebaires.com.ar\/index.php\/wp-json\/wp\/v2\/tags?post=23335"}],"curies":[{"name":"wp","href":"https:\/\/api.w.org\/{rel}","templated":true}]}}