{"id":23363,"date":"2014-05-22T11:58:36","date_gmt":"2014-05-22T14:58:36","guid":{"rendered":"http:\/\/vocesdebaires.com.ar\/wordpress\/index.php\/2014\/05\/22\/vidal-esta-a-favor-de-la-creacion-de-policias-municipales\/"},"modified":"2014-05-22T11:58:36","modified_gmt":"2014-05-22T14:58:36","slug":"vidal-esta-a-favor-de-la-creacion-de-policias-municipales","status":"publish","type":"post","link":"https:\/\/vocesdebaires.com.ar\/index.php\/2014\/05\/22\/vidal-esta-a-favor-de-la-creacion-de-policias-municipales\/","title":{"rendered":"Vidal esta a favor de la creaci\u00f3n de polic\u00edas municipales"},"content":{"rendered":"<p><span style=\"line-height: 1.3em;\">La dirigente del PRO Mar\u00eda Eugenia Vidal se mostr\u00f3 \u00a0a favor de la creaci\u00f3n de polic\u00edas municipales aunque se\u00f1al\u00f3 que \u201cpor m\u00e1s que la maneje el intendente, si hay poca plata, pocos efectivos y con armas peores que las de los delincuentes, la inseguridad no se va a solucionar. La provincia carece de algo esencial y m\u00e1s importante: un plan estrat\u00e9gico de seguridad\u201d.<\/span><\/p>\n<p><span style=\"line-height: 1.3em;\"> <\/span><span style=\"line-height: 1.3em;\">\u201cNosotros estamos de acuerdo en debatir la creaci\u00f3n de polic\u00edas locales. La ciudad de Buenos Aires ha sido pionera en el pa\u00eds en la conformaci\u00f3n de una fuerza policial de car\u00e1cter comunitario, proactivo y profesionalizada\u201d, sostuvo Vidal luego de una visita a club social Berazategui donde entreg\u00f3 materiales deportivos a la escuela de f\u00fatbol infantil.<\/span><\/p>\n<p><span style=\"line-height: 1.3em;\">Acompa\u00f1ada por legislador porte\u00f1o y uno de los armadores del PRO en la Provincia de Buenos Aires, Federico Salvai, Vidal opin\u00f3 adem\u00e1s sobre la implementaci\u00f3n de los juicios por jurados en la Provincia de Buenos Aires: \u201cCreo que es un avance en la democratizaci\u00f3n de la justicia, que acerca a la ciudadan\u00eda y le permite participar del proceso. Ahora restan desaf\u00edos como una mayor capacitaci\u00f3n de los abogados para la eficaz implementaci\u00f3n de este modelo y una mayor difusi\u00f3n entre la ciudadan\u00eda acerca de este mecanismo\u201d. <\/span><span style=\"line-height: 1.3em;\">Vidal se reuni\u00f3 con vecinos e inaugur\u00f3 un local partidario en Berazategui. El viernes recorrer\u00e1 La Plata y el fin de semana estar\u00e1 en Olavarr\u00eda y Alvarado.<\/span><\/p>\n","protected":false},"excerpt":{"rendered":"<p>La dirigente del PRO Mar\u00eda Eugenia Vidal se mostr\u00f3 \u00a0a favor de la creaci\u00f3n de polic\u00edas municipales aunque se\u00f1al\u00f3 que \u201cpor m\u00e1s que la maneje el intendente, si hay poca plata, pocos efectivos y con armas peores que las de los delincuentes, la inseguridad no se va a solucionar. La provincia carece de algo esencial [&hellip;]<\/p>\n","protected":false},"author":2,"featured_media":23364,"comment_status":"open","ping_status":"open","sticky":false,"template":"","format":"standard","meta":{"_et_pb_use_builder":"","_et_pb_old_content":"","_et_gb_content_width":"","footnotes":""},"categories":[11,44],"tags":[],"class_list":["post-23363","post","type-post","status-publish","format-standard","has-post-thumbnail","hentry","category-ciudad","category-funcionarios-de-la-caba"],"_links":{"self":[{"href":"https:\/\/vocesdebaires.com.ar\/index.php\/wp-json\/wp\/v2\/posts\/23363"}],"collection":[{"href":"https:\/\/vocesdebaires.com.ar\/index.php\/wp-json\/wp\/v2\/posts"}],"about":[{"href":"https:\/\/vocesdebaires.com.ar\/index.php\/wp-json\/wp\/v2\/types\/post"}],"author":[{"embeddable":true,"href":"https:\/\/vocesdebaires.com.ar\/index.php\/wp-json\/wp\/v2\/users\/2"}],"replies":[{"embeddable":true,"href":"https:\/\/vocesdebaires.com.ar\/index.php\/wp-json\/wp\/v2\/comments?post=23363"}],"version-history":[{"count":0,"href":"https:\/\/vocesdebaires.com.ar\/index.php\/wp-json\/wp\/v2\/posts\/23363\/revisions"}],"wp:featuredmedia":[{"embeddable":true,"href":"https:\/\/vocesdebaires.com.ar\/index.php\/wp-json\/wp\/v2\/media\/23364"}],"wp:attachment":[{"href":"https:\/\/vocesdebaires.com.ar\/index.php\/wp-json\/wp\/v2\/media?parent=23363"}],"wp:term":[{"taxonomy":"category","embeddable":true,"href":"https:\/\/vocesdebaires.com.ar\/index.php\/wp-json\/wp\/v2\/categories?post=23363"},{"taxonomy":"post_tag","embeddable":true,"href":"https:\/\/vocesdebaires.com.ar\/index.php\/wp-json\/wp\/v2\/tags?post=23363"}],"curies":[{"name":"wp","href":"https:\/\/api.w.org\/{rel}","templated":true}]}}